{"id":3946,"date":"2021-11-24T20:32:00","date_gmt":"2021-11-24T20:32:00","guid":{"rendered":"https:\/\/whatsappcancun.com\/?p=3946"},"modified":"2021-11-24T20:32:00","modified_gmt":"2021-11-24T20:32:00","slug":"iran-la-comunidad-internacional-condeno-la-ejecucion-de-un-joven-por-un-crimen-que-cometio-a-los-17-anos","status":"publish","type":"post","link":"https:\/\/podernacional.com\/?p=3946","title":{"rendered":"Ir\u00e1n: la comunidad internacional conden\u00f3 la ejecuci\u00f3n de un joven por un crimen que cometi\u00f3 a los 17 a\u00f1os"},"content":{"rendered":"<h4 style=\"text-align: center;\">Arman Abdolali, de 25 a\u00f1os, fue ejecutado este mi\u00e9rcoles por el asesinato de su novia, cuyo cad\u00e1ver nunca se encontr\u00f3, pese a las protestas de distintas organizaciones de derechos humanos.<\/h4>\n<p class=\"paragraph\">Las condenas internacionales se multiplicaban este mi\u00e9rcoles tras\u00a0<b>la ejecuci\u00f3n en Ir\u00e1n de un hombre<\/b><b>\u00a0condenado por un asesinato que cometi\u00f3 siendo menor de edad.<\/b><\/p>\n<p class=\"paragraph\"><b>Arman Abdolali<\/b>, de 25 a\u00f1os,<b>\u00a0fue ejecutado este mi\u00e9rcoles por el asesinato de su novia (cuyo cad\u00e1ver nunca se encontr\u00f3)<\/b>, pese a las protestas internacionales que, anteriormente, dieron lugar a aplazamientos de la aplicaci\u00f3n de esta sentencia que hab\u00eda sido dictada en 2015.<\/p>\n<p class=\"paragraph\"><b>La Uni\u00f3n Europea\u00a0<\/b>(UE) conden\u00f3, por su parte, \u201ccon la mayor firmeza\u201d esta ejecuci\u00f3n. \u201c<b>Las sentencias a la pena de muerte por delitos cometidos por menores de 18 a\u00f1os violan las obligaciones internacionales<\/b>, de acuerdo al Pacto internacional de derechos civiles y pol\u00edticos y la Convenci\u00f3n sobre los derechos del ni\u00f1o, a la que Ir\u00e1n adhiri\u00f3\u201d, subray\u00f3 el portavoz del jefe de la diplomacia europea, Josep Borrell.<\/p>\n<p class=\"paragraph\">Un vocero de la Oficina de la Alta Comisionada de las Naciones Unidas para los Derechos Humanos (ACNUDH), en Ginebra, declar\u00f3:\u00a0<b>\u201cEs profundamente impactante que su ahorcamiento se concretase pese a la intervenci\u00f3n de varias partes\u201d<\/b>, incluyendo contactos directos entre la ONU e Ir\u00e1n.<\/p>\n<p class=\"paragraph\">Asimismo, varias oeneg\u00e9s, como<b>\u00a0Iran Human Rights (IHR) y Amnist\u00eda Internacional (AI), entre otras, condenaron esta ejecuci\u00f3n.\u00a0<\/b>La primera afirm\u00f3 que la confesi\u00f3n de asesinato de Abdolali, de la cual luego se retract\u00f3, fue arrancada mediante torturas.<\/p>\n<p class=\"paragraph\">La ejecuci\u00f3n de\u00a0<b>Arman Abdolali<\/b>\u00a0se llev\u00f3 a cabo pese a los llamamientos de organizaciones de defensa de derechos humanos como Amnist\u00eda Internacional para suspenderla.<\/p>\n<p class=\"paragraph\">La pena m\u00e1xima se aplic\u00f3 en la prisi\u00f3n de Rajai Shahr, cerca de Teher\u00e1n, en virtud de la \u201cqesas\u201d,\u00a0<b>la ley del tali\u00f3n o del ojo por ojo, pedida por la familia de la v\u00edctima<\/b>, anunci\u00f3\u00a0<i>Mizan Online<\/i>, la p\u00e1gina en internet de la autoridad judicial iran\u00ed.<\/p>\n<p class=\"paragraph\"><b>Amnist\u00eda Internacional<\/b>\u00a0hab\u00eda hecho un llamamiento el 11 de octubre para que Ir\u00e1n detuviera la ejecuci\u00f3n de este joven de 25 a\u00f1os que fue detenido en 2014 y posteriormente declarado culpable de asesinar a su novia.<\/p>\n<p class=\"paragraph\">El grupo de derechos humanos con sede en Londres dijo que hab\u00eda sido condenado a muerte dos veces, pero que la ejecuci\u00f3n se detuvo en ambas ocasiones tras una protesta internacional.<\/p>\n<p class=\"paragraph\">La organizaci\u00f3n dijo que\u00a0<b>Abdolali hab\u00eda sido condenado a muerte por primera vez en diciembre de 2015 tras un \u201cjuicio manifiestamente injusto\u201d<\/b>\u00a0celebrado por un tribunal que \u201cse bas\u00f3 en \u201cconfesiones\u201d contaminadas por la tortura\u201d tras la desaparici\u00f3n de su novia el a\u00f1o anterior.<\/p>\n<p class=\"paragraph\">Seg\u00fan la organizaci\u00f3n,\u00a0<b>Abdolali volvi\u00f3 a ser condenado a muerte en 2020 en un nuevo juicio<\/b>, ya que el tribunal dictamin\u00f3 que el adolescente era responsable de los hechos ante la\u00a0<b>falta de pruebas que demostraran lo contrario<\/b>, inform\u00f3 Amnist\u00eda.<\/p>\n<p class=\"paragraph\">Los expertos en derechos humanos de la ONU tambi\u00e9n hab\u00edan hecho un llamamiento a Ir\u00e1n para que detenga la ejecuci\u00f3n.<\/p>\n<p class=\"paragraph\">\u201c<b>El derecho internacional de los derechos humanos proh\u00edbe inequ\u00edvocamente la imposici\u00f3n de la pena de muerte a cualquier persona menor de 18 a\u00f1os<\/b>\u201d, dijo la Oficina del Alto Comisionado para los Derechos Humanos de la ONU, con sede en Ginebra.<\/p>\n<p class=\"paragraph\"><b>En 2020 hubo 246 ejecuciones en Ir\u00e1n<\/b>, seg\u00fan Amnist\u00eda Internacional.<\/p>\n<p class=\"paragraph\">Ir\u00e1n se ha enfrentado a menudo a las cr\u00edticas internacionales por ejecutar a personas condenadas por delitos cometidos cuando eran menores de edad, en violaci\u00f3n de la Convenci\u00f3n sobre los Derechos del Ni\u00f1o que ha sido ratificada por la rep\u00fablica isl\u00e1mica.<\/p>\n","protected":false},"excerpt":{"rendered":"<p>Arman Abdolali, de 25 a\u00f1os, fue ejecutado este mi\u00e9rcoles por el asesinato de su novia, cuyo cad\u00e1ver nunca se encontr\u00f3, pese a las protestas de distintas organizaciones de derechos humanos. Las condenas internacionales se multiplicaban este mi\u00e9rcoles tras\u00a0la ejecuci\u00f3n en Ir\u00e1n de un hombre\u00a0condenado por un asesinato que cometi\u00f3 siendo menor de edad. Arman Abdolali, [&hellip;]<\/p>\n","protected":false},"author":1,"featured_media":3948,"comment_status":"open","ping_status":"closed","sticky":false,"template":"","format":"standard","meta":{"footnotes":""},"categories":[4,5,9],"tags":[],"class_list":["post-3946","post","type-post","status-publish","format-standard","has-post-thumbnail","hentry","category-espectaculos","category-internacional","category-politica"],"_links":{"self":[{"href":"https:\/\/podernacional.com\/index.php?rest_route=\/wp\/v2\/posts\/3946","targetHints":{"allow":["GET"]}}],"collection":[{"href":"https:\/\/podernacional.com\/index.php?rest_route=\/wp\/v2\/posts"}],"about":[{"href":"https:\/\/podernacional.com\/index.php?rest_route=\/wp\/v2\/types\/post"}],"author":[{"embeddable":true,"href":"https:\/\/podernacional.com\/index.php?rest_route=\/wp\/v2\/users\/1"}],"replies":[{"embeddable":true,"href":"https:\/\/podernacional.com\/index.php?rest_route=%2Fwp%2Fv2%2Fcomments&post=3946"}],"version-history":[{"count":0,"href":"https:\/\/podernacional.com\/index.php?rest_route=\/wp\/v2\/posts\/3946\/revisions"}],"wp:featuredmedia":[{"embeddable":true,"href":"https:\/\/podernacional.com\/index.php?rest_route=\/wp\/v2\/media\/3948"}],"wp:attachment":[{"href":"https:\/\/podernacional.com\/index.php?rest_route=%2Fwp%2Fv2%2Fmedia&parent=3946"}],"wp:term":[{"taxonomy":"category","embeddable":true,"href":"https:\/\/podernacional.com\/index.php?rest_route=%2Fwp%2Fv2%2Fcategories&post=3946"},{"taxonomy":"post_tag","embeddable":true,"href":"https:\/\/podernacional.com\/index.php?rest_route=%2Fwp%2Fv2%2Ftags&post=3946"}],"curies":[{"name":"wp","href":"https:\/\/api.w.org\/{rel}","templated":true}]}}