{"id":39944,"date":"2026-03-16T15:00:11","date_gmt":"2026-03-16T20:00:11","guid":{"rendered":"https:\/\/podernacional.com\/?p=39944"},"modified":"2026-03-16T11:31:05","modified_gmt":"2026-03-16T16:31:05","slug":"trump-dice-que-ee-uu-podria-llegar-pronto-a-un-acuerdo-con-cuba","status":"publish","type":"post","link":"https:\/\/podernacional.com\/?p=39944","title":{"rendered":"Trump dice que EE.UU. podr\u00eda llegar pronto a un acuerdo con Cuba"},"content":{"rendered":"<p>\ud83d\udd38 \u201cCreo que ser\u00e1 muy pront\u201d, afirm\u00f3 el presidente de EE.UU., Donald Trump<\/p>\n<p>#INTERNACIONAL | El presidente de\u00a0Estados Unidos,\u00a0Donald\u00a0Trump, asegur\u00f3 que\u00a0pronto\u00a0podr\u00eda haber un\u00a0acuerdo\u00a0con\u00a0Cuba,\u00a0y a\u00f1adi\u00f3 que la atenci\u00f3n de su Administraci\u00f3n se centrar\u00e1 en la isla una vez que termine el conflicto con Ir\u00e1n.<\/p>\n<p>\u201cCuba tambi\u00e9n quiere llegar a un acuerdo, y creo que muy pronto llegaremos a un acuerdo o haremos lo que sea necesario\u201d, asegur\u00f3 Trump.<\/p>\n<p>\u201cEstamos hablando con Cuba, pero vamos a tratar con Ir\u00e1n antes que con Cuba\u201d, matiz\u00f3.<\/p>\n<p>Las declaraciones se producen en un momento de m\u00e1xima tensi\u00f3n despu\u00e9s de que Estados Unidos estableciera un bloqueo petrolero sobre Cuba desde enero y cortara los suministros del petr\u00f3leo venezolano.<\/p>\n<p>Posteriormente anunci\u00f3 por orden ejecutiva aranceles para los pa\u00edses que suministren crudo a la isla.<\/p>\n<p>Las tensiones con el Gobierno cubano<br \/>\nEl presidente republicano ha amenazado en las \u00faltimas semanas con tomar control de la isla comunista ya de sea de forma \u201camistosa\u201d u hostil, y ha repetido que el Gobierno de La Habana \u201ccaer\u00e1 muy pronto\u201d porque el pa\u00eds \u201cest\u00e1 en ruinas\u201d, afectado por el bloqueo de crudo impuesto por Washington en enero pasado.<\/p>\n<p>Este viernes, el presidente de Cuba,\u00a0Miguel D\u00edaz-Canel, confirm\u00f3 que dialogan con EE.UU. para \u201cbuscar soluciones por la v\u00eda del di\u00e1logo a las diferencias entre ambos Gobiernos\u201d, algo que ya Trump hab\u00eda adelantado, pero que la isla hab\u00eda negado.<\/p>\n<p>Esta semana, el presidente D\u00edaz-Canel, ofreci\u00f3 una comparecencia ante la prensa sobre los contactos con Estados Unidos y la crisis energ\u00e9tica, y cont\u00f3 con la presencia de miembros de la familia Castro, incluido el nieto de Ra\u00fal, Ra\u00fal Guillermo Rodr\u00edguez Castro, y un sobrino-nieto, \u00d3scar P\u00e9rez-Oliva.<\/p>\n","protected":false},"excerpt":{"rendered":"<p>\ud83d\udd38 \u201cCreo que ser\u00e1 muy pront\u201d, afirm\u00f3 el presidente de EE.UU., Donald Trump #INTERNACIONAL | El presidente de\u00a0Estados Unidos,\u00a0Donald\u00a0Trump, asegur\u00f3 que\u00a0pronto\u00a0podr\u00eda haber un\u00a0acuerdo\u00a0con\u00a0Cuba,\u00a0y a\u00f1adi\u00f3 que la atenci\u00f3n de su Administraci\u00f3n se centrar\u00e1 en la isla una vez que termine el conflicto con Ir\u00e1n. \u201cCuba tambi\u00e9n quiere llegar a un acuerdo, y creo que muy pronto [&hellip;]<\/p>\n","protected":false},"author":1,"featured_media":39946,"comment_status":"open","ping_status":"closed","sticky":false,"template":"","format":"standard","meta":{"footnotes":""},"categories":[5],"tags":[],"class_list":["post-39944","post","type-post","status-publish","format-standard","has-post-thumbnail","hentry","category-internacional"],"_links":{"self":[{"href":"https:\/\/podernacional.com\/index.php?rest_route=\/wp\/v2\/posts\/39944","targetHints":{"allow":["GET"]}}],"collection":[{"href":"https:\/\/podernacional.com\/index.php?rest_route=\/wp\/v2\/posts"}],"about":[{"href":"https:\/\/podernacional.com\/index.php?rest_route=\/wp\/v2\/types\/post"}],"author":[{"embeddable":true,"href":"https:\/\/podernacional.com\/index.php?rest_route=\/wp\/v2\/users\/1"}],"replies":[{"embeddable":true,"href":"https:\/\/podernacional.com\/index.php?rest_route=%2Fwp%2Fv2%2Fcomments&post=39944"}],"version-history":[{"count":1,"href":"https:\/\/podernacional.com\/index.php?rest_route=\/wp\/v2\/posts\/39944\/revisions"}],"predecessor-version":[{"id":39945,"href":"https:\/\/podernacional.com\/index.php?rest_route=\/wp\/v2\/posts\/39944\/revisions\/39945"}],"wp:featuredmedia":[{"embeddable":true,"href":"https:\/\/podernacional.com\/index.php?rest_route=\/wp\/v2\/media\/39946"}],"wp:attachment":[{"href":"https:\/\/podernacional.com\/index.php?rest_route=%2Fwp%2Fv2%2Fmedia&parent=39944"}],"wp:term":[{"taxonomy":"category","embeddable":true,"href":"https:\/\/podernacional.com\/index.php?rest_route=%2Fwp%2Fv2%2Fcategories&post=39944"},{"taxonomy":"post_tag","embeddable":true,"href":"https:\/\/podernacional.com\/index.php?rest_route=%2Fwp%2Fv2%2Ftags&post=39944"}],"curies":[{"name":"wp","href":"https:\/\/api.w.org\/{rel}","templated":true}]}}