{"id":400,"date":"2020-06-16T21:50:56","date_gmt":"2020-06-16T21:50:56","guid":{"rendered":"http:\/\/whatsappcancun.com\/?p=400"},"modified":"2020-06-16T21:50:56","modified_gmt":"2020-06-16T21:50:56","slug":"video-viral-ulises-de-los-terkos-es-captado-bailando-un-cumbion-en-la-calle","status":"publish","type":"post","link":"https:\/\/podernacional.com\/?p=400","title":{"rendered":"VIDEO VIRAL: Ulises de los Terkos es captado bailando un cumbi\u00f3n en la calle"},"content":{"rendered":"\n<p>Un<strong>\u00a0bailar\u00edn<\/strong>\u00a0callejero fue captado en las calles de\u00a0<strong>Nuevo Le\u00f3n<\/strong>\u00a0con una botarga de\u00a0<strong>Ulises de Los terkos<\/strong>, el protagonista de la pel\u00edcula &#8216;Ya no estoy aqu\u00ed&#8217; de\u00a0<strong>Netflix<\/strong>.<\/p>\n\n\n\n<p>El 27 de mayo lleg\u00f3 a Netflix la pel\u00edcula \u2018Ya no estoy aqu\u00ed\u2019 la cual ten\u00eda como protagonista a un joven de 17 a\u00f1os llamado&nbsp;<strong>Ulises<\/strong>, que pertenec\u00eda a un grupo llamado \u2018Los terkos\u2019 que se dedicaba a bailar&nbsp;<strong>cumbia<\/strong>&nbsp;en la calle.<\/p>\n\n\n\n<p>Esta pel\u00edcula se posicion\u00f3 como una de las nuevas promesas del cine mexicano, por lo que aunque se estren\u00f3 en 2019, al llegar a&nbsp;<strong>Netflix<\/strong>&nbsp;consigui\u00f3 una fama internacional, y \u2018El Ulises\u2019 ya se ha vuelto un \u00edcono en el pa\u00eds.<\/p>\n\n\n\n<p>A causa de esto, mucha gente ya ha comenzado a disfrazarse de este personaje, y uno de ellos fue captado en las calles bailando unos cumbiones rebajados al estilo de los terkos, haci\u00e9ndose viral en redes sociales.<\/p>\n\n\n\n<h2 class=\"wp-block-heading\">Ulises de los terkos baila cumbia en la calle<\/h2>\n\n\n\n<p>En este nuevo video viral vemos a un artista callejero, que dej\u00f3 atr\u00e1s los malabares y sketches para innovar el espect\u00e1culo mientras esperamos el verde del sem\u00e1foro, disfraz\u00e1ndose del famoso Ulises de la pel\u00edcula.<\/p>\n\n\n\n<p>Con la vestimenta t\u00edpica de la cultura de \u2018Kolombia&#8217;,&nbsp;misma que se le vio a los terkos en la pel\u00edcula de Netflix &#8216;<a href=\"https:\/\/laverdadnoticias.com\/espectaculos\/Ya-no-estoy-aqui-Netflix-retrata-la-desaparicion-de-la-cultura-Kolombia-20200605-0168.html\" target=\"_blank\" rel=\"noreferrer noopener\">Ya no estoy aqu\u00ed&#8217;<\/a>, y una botarga del personaje, se avent\u00f3 unos cumbiones bien locos en las calles de Nuevo Le\u00f3n.<\/p>\n\n\n\n<p>El usuario Arturo Alan Palacios fue quien comparti\u00f3 el gracioso video a trav\u00e9s de su cuenta de Facebook, pues se encontraba transport\u00e1ndose en su auto cuando de repente vio a la enorme botarga de Ulises bailando en medio de la calle.<\/p>\n\n\n\n<h2 class=\"wp-block-heading\">El mejor disfraz para bailar cumbia<\/h2>\n\n\n\n<figure class=\"wp-block-embed-youtube wp-block-embed is-type-video is-provider-youtube wp-embed-aspect-16-9 wp-has-aspect-ratio\"><div class=\"wp-block-embed__wrapper\">\nhttps:\/\/youtu.be\/RA5t_TDfUMk\n<\/div><\/figure>\n\n\n\n<p>Cabe mencionar que desde hace varias semanas han comenzado a salir a la venta disfraces y botargas del personaje, pues aunque antes no se ve\u00edan de buena manera e incluso los tachaban como \u2018nacos\u2019, ahora todos quieren bailar&nbsp;<a href=\"https:\/\/laverdadnoticias.com\/viral\/VIDEO-VIRAL-La-cumbia-del-COVIN-19-llega-para-hacerte-bailar-en-cuarentena-20200513-0147.html\" target=\"_blank\" rel=\"noreferrer noopener\">cumbia rebajada<\/a>.<\/p>\n\n\n\n<p>El video ya cuenta con miles de reproducciones y sin duda alguna ya se ha hecho viral, pues muchos quedaron encantados con su baile, pues imit\u00f3 los pasos de la cumbia a la perfecci\u00f3n, por lo que se presume que pueda ser parte de estos grupos en realidad.<\/p>\n","protected":false},"excerpt":{"rendered":"<p>Un\u00a0bailar\u00edn\u00a0callejero fue captado en las calles de\u00a0Nuevo Le\u00f3n\u00a0con una botarga de\u00a0Ulises de Los terkos, el protagonista de la pel\u00edcula &#8216;Ya no estoy aqu\u00ed&#8217; de\u00a0Netflix. El 27 de mayo lleg\u00f3 a Netflix la pel\u00edcula \u2018Ya no estoy aqu\u00ed\u2019 la cual ten\u00eda como protagonista a un joven de 17 a\u00f1os llamado&nbsp;Ulises, que pertenec\u00eda a un grupo llamado [&hellip;]<\/p>\n","protected":false},"author":1,"featured_media":402,"comment_status":"open","ping_status":"open","sticky":false,"template":"","format":"standard","meta":{"footnotes":""},"categories":[12],"tags":[],"class_list":["post-400","post","type-post","status-publish","format-standard","has-post-thumbnail","hentry","category-sin-categoria"],"_links":{"self":[{"href":"https:\/\/podernacional.com\/index.php?rest_route=\/wp\/v2\/posts\/400","targetHints":{"allow":["GET"]}}],"collection":[{"href":"https:\/\/podernacional.com\/index.php?rest_route=\/wp\/v2\/posts"}],"about":[{"href":"https:\/\/podernacional.com\/index.php?rest_route=\/wp\/v2\/types\/post"}],"author":[{"embeddable":true,"href":"https:\/\/podernacional.com\/index.php?rest_route=\/wp\/v2\/users\/1"}],"replies":[{"embeddable":true,"href":"https:\/\/podernacional.com\/index.php?rest_route=%2Fwp%2Fv2%2Fcomments&post=400"}],"version-history":[{"count":0,"href":"https:\/\/podernacional.com\/index.php?rest_route=\/wp\/v2\/posts\/400\/revisions"}],"wp:featuredmedia":[{"embeddable":true,"href":"https:\/\/podernacional.com\/index.php?rest_route=\/wp\/v2\/media\/402"}],"wp:attachment":[{"href":"https:\/\/podernacional.com\/index.php?rest_route=%2Fwp%2Fv2%2Fmedia&parent=400"}],"wp:term":[{"taxonomy":"category","embeddable":true,"href":"https:\/\/podernacional.com\/index.php?rest_route=%2Fwp%2Fv2%2Fcategories&post=400"},{"taxonomy":"post_tag","embeddable":true,"href":"https:\/\/podernacional.com\/index.php?rest_route=%2Fwp%2Fv2%2Ftags&post=400"}],"curies":[{"name":"wp","href":"https:\/\/api.w.org\/{rel}","templated":true}]}}