{"id":404,"date":"2020-06-16T22:00:15","date_gmt":"2020-06-16T22:00:15","guid":{"rendered":"http:\/\/whatsappcancun.com\/?p=404"},"modified":"2020-06-16T22:00:15","modified_gmt":"2020-06-16T22:00:15","slug":"video-viral-subio-25-kilos-y-le-impiden-entrar-a-su-trabajo-por-no-reconocerlo","status":"publish","type":"post","link":"https:\/\/podernacional.com\/?p=404","title":{"rendered":"VIDEO VIRAL: Subi\u00f3 25 kilos y le impiden entrar a su trabajo por no reconocerlo"},"content":{"rendered":"\n<p>Un hombre expres\u00f3 su tristeza cuando le negaron la entra a su trabajo por su\u00a0<strong>obesidad<\/strong>, pues no lo reconocieron por subir 25 klos durante la<strong>\u00a0cuarentena<\/strong>.<\/p>\n\n\n\n<p>Durante esta&nbsp;<strong>cuarentena&nbsp;<\/strong>muchos de nosotros estuvimos completamente a gusto con el home office, pero tras perder la movida rutina de todos los d\u00edas, muchos ca\u00edmos v\u00edctimas de la&nbsp;<strong>obesidad<\/strong>&nbsp;y ganamos algunos kilos de m\u00e1s.<\/p>\n\n\n\n<p>Aunque algunos hicieron ejercicio para volver espectaculares, otros simplemente aceptaron su realidad y fueron a sus&nbsp;<strong>trabajos<\/strong>&nbsp;con unos kilitos extras, que no tiene nada de malo, a menos que sean tantos que no te reconozcan y no te dejen entrar.<\/p>\n\n\n\n<p>Esto parece algo irreal, pero es exactamente lo que le pas\u00f3 a un desafortunado hombre que subi\u00f3 tanto de peso que se volvi\u00f3 otra persona y ni en su trabajo lo reconocieron por lo que le negaron el acceso.<\/p>\n\n\n\n<h2 class=\"wp-block-heading\">Sube de peso y no lo dejan entrar a trabajar<\/h2>\n\n\n\n<blockquote class=\"wp-block-quote is-layout-flow wp-block-quote-is-layout-flow\"><p>Sub\u00ed lo normal, 25 kg en la cuarentena \ufffd\ufffdPublicado por&nbsp;<a href=\"https:\/\/www.facebook.com\/W16Consulting\/\">W16 Consulting<\/a>&nbsp;en&nbsp;&nbsp;<a href=\"https:\/\/developers.facebook.com\/W16Consulting\/posts\/2687045411568232\">Jueves, 11 de junio de 2020<\/a><\/p><\/blockquote>\n\n\n\n<p>En este video viral te mostraremos el triste y gracioso caso de un hombre que confes\u00f3 que la cuarentena lo volvi\u00f3&nbsp;<a href=\"https:\/\/laverdadnoticias.com\/viral\/VIRAL-Conoce-a-Skylar-la-perrita-adicta-a-los-Doritos-20200211-0177.html\" target=\"_blank\" rel=\"noreferrer noopener\">adicto a la comida<\/a>, pues com\u00eda un total de 6 veces al d\u00eda, adem\u00e1s de hacer viajes constantes al refrigerador solo por aburrimiento.<\/p>\n\n\n\n<p>Aparentemente aunque demostr\u00f3 ser quien dice ser con su identificaci\u00f3n, los guardias de seguridad le negaron el acceso pregunt\u00e1ndole que a qui\u00e9n pretende enga\u00f1ar, pues no es la misma persona que la foto de la credencial.<\/p>\n\n\n\n<p>El desafortunado hombre confes\u00f3 que ya est\u00e1 harto de ver series y lo que quiere es trabajar, pero por sus exagerados 25 kilos de m\u00e1s su identidad ha sido comprometida, por lo que no ha podido retornar a sus labores.<\/p>\n\n\n\n<h2 class=\"wp-block-heading\">Trabaja en la calle por obesidad<\/h2>\n\n\n\n<figure class=\"wp-block-image\"><img decoding=\"async\" src=\"https:\/\/laverdadnoticias.com\/export\/sites\/laverdad\/img\/2020\/06\/16\/cuarentena_trabajo_obesidad.png_886110558.png\" alt=\"VIDEO VIRAL: Subi\u00f3 25 kilos y le impiden entrar a su trabajo por no reconocerlo\" title=\"VIDEO VIRAL: Subi\u00f3 25 kilos y le impiden entrar a su trabajo por no reconocerlo\"\/><figcaption>VIDEO VIRAL: Subi\u00f3 25 kilos y le impiden entrar a su trabajo por no reconocerlo<\/figcaption><\/figure>\n\n\n\n<p>Asimismo, en una entrevista que hizo el canal \u2018La voz del becario\u2019 el hombre revela que se ha ido a hacer una prueba de ADN para demostrar que si es quien dice ser, pero como esto lleva tiempo, por el momento trabaja desde su auto afuera de la oficina.<\/p>\n\n\n\n<p>Aunque en realidad el video parece bastante actuado, la realidad no est\u00e1 muy alejada, pues todos rompimos las dietas durante la&nbsp;<a href=\"https:\/\/laverdadnoticias.com\/viral\/VIDEO-VIRAL-Todas-las-mamas-al-regresar-del-super-esta-cuarentena-20200531-0041.html\" target=\"_blank\" rel=\"noreferrer noopener\">cuarentena<\/a>&nbsp;y m\u00e1s de uno de nuestros compa\u00f1eros y compa\u00f1eras ha regresado con unas tallas extras, y ahora se expone el riesgo que esto conlleva.<\/p>\n","protected":false},"excerpt":{"rendered":"<p>Un hombre expres\u00f3 su tristeza cuando le negaron la entra a su trabajo por su\u00a0obesidad, pues no lo reconocieron por subir 25 klos durante la\u00a0cuarentena. Durante esta&nbsp;cuarentena&nbsp;muchos de nosotros estuvimos completamente a gusto con el home office, pero tras perder la movida rutina de todos los d\u00edas, muchos ca\u00edmos v\u00edctimas de la&nbsp;obesidad&nbsp;y ganamos algunos kilos [&hellip;]<\/p>\n","protected":false},"author":1,"featured_media":405,"comment_status":"open","ping_status":"open","sticky":false,"template":"","format":"standard","meta":{"footnotes":""},"categories":[12],"tags":[],"class_list":["post-404","post","type-post","status-publish","format-standard","has-post-thumbnail","hentry","category-sin-categoria"],"_links":{"self":[{"href":"https:\/\/podernacional.com\/index.php?rest_route=\/wp\/v2\/posts\/404","targetHints":{"allow":["GET"]}}],"collection":[{"href":"https:\/\/podernacional.com\/index.php?rest_route=\/wp\/v2\/posts"}],"about":[{"href":"https:\/\/podernacional.com\/index.php?rest_route=\/wp\/v2\/types\/post"}],"author":[{"embeddable":true,"href":"https:\/\/podernacional.com\/index.php?rest_route=\/wp\/v2\/users\/1"}],"replies":[{"embeddable":true,"href":"https:\/\/podernacional.com\/index.php?rest_route=%2Fwp%2Fv2%2Fcomments&post=404"}],"version-history":[{"count":0,"href":"https:\/\/podernacional.com\/index.php?rest_route=\/wp\/v2\/posts\/404\/revisions"}],"wp:featuredmedia":[{"embeddable":true,"href":"https:\/\/podernacional.com\/index.php?rest_route=\/wp\/v2\/media\/405"}],"wp:attachment":[{"href":"https:\/\/podernacional.com\/index.php?rest_route=%2Fwp%2Fv2%2Fmedia&parent=404"}],"wp:term":[{"taxonomy":"category","embeddable":true,"href":"https:\/\/podernacional.com\/index.php?rest_route=%2Fwp%2Fv2%2Fcategories&post=404"},{"taxonomy":"post_tag","embeddable":true,"href":"https:\/\/podernacional.com\/index.php?rest_route=%2Fwp%2Fv2%2Ftags&post=404"}],"curies":[{"name":"wp","href":"https:\/\/api.w.org\/{rel}","templated":true}]}}