{"id":41277,"date":"2026-04-24T09:00:41","date_gmt":"2026-04-24T14:00:41","guid":{"rendered":"https:\/\/podernacional.com\/?p=41277"},"modified":"2026-04-26T08:05:53","modified_gmt":"2026-04-26T13:05:53","slug":"ayatola-jamenei-quedo-gravemente-herido-en-primer-ataque-de-eu-israel-pero-sigue-lucido-nyt","status":"publish","type":"post","link":"https:\/\/podernacional.com\/?p=41277","title":{"rendered":"Ayatol\u00e1 Jamenei qued\u00f3 gravemente herido en primer ataque de EU-Israel, pero sigue l\u00facido: NYT"},"content":{"rendered":"<p>\ud83d\udd38 Tras la ofensiva que sacudi\u00f3 la c\u00fapula del poder en Ir\u00e1n y que acab\u00f3 con la vida de su padre, Mojtaba asumi\u00f3 el cargo como l\u00edder supremo en condiciones cr\u00edticas de salud.<\/p>\n<p>#INTERNACIONAL | El l\u00edder supremo de Ir\u00e1n, Mojtaba Jamenei, result\u00f3 gravemente herido en el ataque a\u00e9reo de Estados Unidos e Israel en el que falleci\u00f3 su padre y predecesor, Ali Jamenei, pero mantiene la lucidez mental, inform\u00f3 ayer el\u00a0New York Times.<\/p>\n<p>La informaci\u00f3n del diario neoyorquino, que cita a varios funcionarios iran\u00edes sin revelar su identidad, se\u00f1ala que el nuevo ayatol\u00e1 hab\u00eda delegado \u00abpor el momento\u00bb la toma de decisiones en los generales del ej\u00e9rcito ideol\u00f3gico de la Guardia Revolucionaria.<\/p>\n<p>Jamenei no ha aparecido en p\u00fablico desde que fue nombrado l\u00edder supremo y sus comunicaciones p\u00fablicas son a trav\u00e9s de comunicados escritos, lo que ha dado lugar a especulaciones sobre su estado, e incluso sobre si est\u00e1 vivo.<\/p>\n<p>Aunque Jamenei result\u00f3 \u00abgravemente herido\u00bb en el ataque a\u00e9reo del 28 de febrero, \u00abmantiene la lucidez mental y est\u00e1 activo\u00bb, se\u00f1al\u00f3 The New York Times.<\/p>\n<p>\u00abLe han operado tres veces una pierna y est\u00e1 a la espera de una pr\u00f3tesis, tambi\u00e9n ha sido intervenido en\u00a0una mano y est\u00e1 recuperando poco a poco la movilidad. Su rostro y sus labios sufrieron quemaduras graves, lo que le dificulta el habla\u00bb, dijo uno de los funcionarios citados en la informaci\u00f3n. \u00abCon el tiempo necesitar\u00e1 cirug\u00eda pl\u00e1stica\u00bb, a\u00f1adi\u00f3.<\/p>\n<p>El contacto con Jamenei, que permanece oculto por motivos de seguridad, se realiza por notas escritas, seg\u00fan el peri\u00f3dico.<\/p>\n<p>Los altos mandos de la Guardia Revolucionaria no lo visitan, pero el presidente Masoud Pezeshkian, que es cirujano card\u00edaco, ha participado en su atenci\u00f3n, seg\u00fan el diario.<\/p>\n<p>El ej\u00e9rcito ideol\u00f3gico de Ir\u00e1n considera que ha contenido \u00abla amenaza para la supervivencia del r\u00e9gimen\u00bb que supuso el comienzo de la guerra con Estados Unidos e Israel.<\/p>\n<p>Jamenei asumi\u00f3 el cargo el 08 de marzo de 2026 tras fallecer su padre. Durante a\u00f1os fue considerado un posible sucesor, en parte por su cercan\u00eda con los c\u00edrculos de poder religioso y militar, como la Guardia Revolucionaria, quienes poseen unos 125 mil efectivos y son los encargados de proteger la ideolog\u00eda de la Revoluci\u00f3n Isl\u00e1mica y asegurar la supervivencia del r\u00e9gimen.<\/p>\n<p>Su designaci\u00f3n ha generado controversia, tanto dentro como fuera de Ir\u00e1n, ya que rompe con la narrativa oficial del r\u00e9gimen contra el poder hereditario.<\/p>\n<p>Analistas y cr\u00edticos han se\u00f1alado que su influencia ya era significativa antes de asumir el cargo, pues operaba desde la oficina de su padre coordinando asuntos pol\u00edticos y de seguridad.<\/p>\n<p>#L\u00edder #Supremo #Ir\u00e1n #MojtabaJamenei #Result\u00f3 #Gravemente #Herido #Tras #Ataque #A\u00e9reo #EU #Israel<\/p>\n","protected":false},"excerpt":{"rendered":"<p>\ud83d\udd38 Tras la ofensiva que sacudi\u00f3 la c\u00fapula del poder en Ir\u00e1n y que acab\u00f3 con la vida de su padre, Mojtaba asumi\u00f3 el cargo como l\u00edder supremo en condiciones cr\u00edticas de salud. #INTERNACIONAL | El l\u00edder supremo de Ir\u00e1n, Mojtaba Jamenei, result\u00f3 gravemente herido en el ataque a\u00e9reo de Estados Unidos e Israel en [&hellip;]<\/p>\n","protected":false},"author":1,"featured_media":41279,"comment_status":"open","ping_status":"closed","sticky":false,"template":"","format":"standard","meta":{"footnotes":""},"categories":[5],"tags":[],"class_list":["post-41277","post","type-post","status-publish","format-standard","has-post-thumbnail","hentry","category-internacional"],"_links":{"self":[{"href":"https:\/\/podernacional.com\/index.php?rest_route=\/wp\/v2\/posts\/41277","targetHints":{"allow":["GET"]}}],"collection":[{"href":"https:\/\/podernacional.com\/index.php?rest_route=\/wp\/v2\/posts"}],"about":[{"href":"https:\/\/podernacional.com\/index.php?rest_route=\/wp\/v2\/types\/post"}],"author":[{"embeddable":true,"href":"https:\/\/podernacional.com\/index.php?rest_route=\/wp\/v2\/users\/1"}],"replies":[{"embeddable":true,"href":"https:\/\/podernacional.com\/index.php?rest_route=%2Fwp%2Fv2%2Fcomments&post=41277"}],"version-history":[{"count":1,"href":"https:\/\/podernacional.com\/index.php?rest_route=\/wp\/v2\/posts\/41277\/revisions"}],"predecessor-version":[{"id":41278,"href":"https:\/\/podernacional.com\/index.php?rest_route=\/wp\/v2\/posts\/41277\/revisions\/41278"}],"wp:featuredmedia":[{"embeddable":true,"href":"https:\/\/podernacional.com\/index.php?rest_route=\/wp\/v2\/media\/41279"}],"wp:attachment":[{"href":"https:\/\/podernacional.com\/index.php?rest_route=%2Fwp%2Fv2%2Fmedia&parent=41277"}],"wp:term":[{"taxonomy":"category","embeddable":true,"href":"https:\/\/podernacional.com\/index.php?rest_route=%2Fwp%2Fv2%2Fcategories&post=41277"},{"taxonomy":"post_tag","embeddable":true,"href":"https:\/\/podernacional.com\/index.php?rest_route=%2Fwp%2Fv2%2Ftags&post=41277"}],"curies":[{"name":"wp","href":"https:\/\/api.w.org\/{rel}","templated":true}]}}