{"id":4131,"date":"2021-12-10T00:20:00","date_gmt":"2021-12-10T00:20:00","guid":{"rendered":"https:\/\/whatsappcancun.com\/?p=4131"},"modified":"2021-12-10T00:20:00","modified_gmt":"2021-12-10T00:20:00","slug":"llega-en-diciembre-a-la-cdmx-el-primer-festival-internacional-del-meme","status":"publish","type":"post","link":"https:\/\/podernacional.com\/?p=4131","title":{"rendered":"Llega en diciembre a la CDMX el primer Festival Internacional del Meme"},"content":{"rendered":"<h4 style=\"text-align: center;\">Este 10 y 11 de diciembre se premiar\u00e1 a los mejores de este 2021 en una modalidad h\u00edbrida con actividades y conferencias<\/h4>\n<p class=\"paragraph\">Los memes se ganado un lugar en el\u00a0<b>humor mexicano<\/b>, no solamente en los momentos que ameritan algo de comedia, sino tambi\u00e9n en aqu\u00e9llos en los que\u00a0<b>un poco de humor hacen el momento m\u00e1s ligero<\/b>, porque este tipo de im\u00e1genes terminan por<b>\u00a0viralizarse<\/b>\u00a0y siempre logran sacarnos una sonrisa.<\/p>\n<p class=\"paragraph\">En este contexto, se llevar\u00e1 a cabo en la Ciudad de M\u00e9xico el primer\u00a0<b>Festival Internacional del Meme\u00a0<\/b>(FIMEME), en donde se premiar\u00e1n a los<b>\u00a0mejores\u00a0<\/b>de este 2021, la cita ser\u00e1 el\u00a0<b>10\u00a0<\/b>y\u00a0<b>11 de diciembre<\/b>.<\/p>\n<p class=\"paragraph\">El FIMEME realizar\u00e1 sus actividades de forma\u00a0<b>h\u00edbrida<\/b>, algunas v\u00eda<i>\u00a0streaming<\/i>\u00a0y conferencias el pr\u00f3ximo viernes, mientras que el evento ser\u00e1 de forma presencial en el\u00a0<b>Centro Cultural Juan Rulfo,\u00a0<\/b>que se ubica<b>\u00a0<\/b>en la calle Campana 59, colonia Insurgentes Mixcoac,\u00a0<b>Benito Ju\u00e1rez<\/b>.<\/p>\n<p class=\"paragraph\">Algunos de los paneles de la\u00a0<b>modalidad presencial\u00a0<\/b>ser\u00e1n: \u00bfC\u00f3mo crear contenido viral desde cero?, \u00bfC\u00f3mo comer una naranjada?, Chairos contra Derechairos: El papel de los memes en la pol\u00edtica, El arte de las memegraf\u00edas, y Moneros contra Memeros.<\/p>\n<p class=\"paragraph\">Ser\u00e1 el primer d\u00eda del festival cuando la primera entrega de los<b>\u00a0<\/b><i><b>Meme Awards<\/b><\/i>, donde reconocer\u00e1n lo mejor de internet durante este 2021. Algunos de los invitados son\u00a0<b>Chica Yey\u00e9, Los Rom\u00e1nticos Pendejos, el Instituto Nacional de Bellos Memes, Simpsonito, Memegraf\u00edas, Comentarios de Se\u00f1ores Rom\u00e1nticos, Chavo del Toro, Instituto del Meme Electoral\u00a0<\/b>y\u00a0<b>Monero Alarc\u00f3n.<\/b><\/p>\n<p class=\"paragraph\">Para asistir es importante\u00a0<b>adquirir la entrada<\/b>, la cual tiene un costo de\u00a0<b>$50 pesos<\/b>\u00a0y hay dos p\u00e1ginas para comprar los boletos, dependiendo si deseas asistir de forma<b>\u00a0presencia<\/b>l\u00a0o bien, de manera\u00a0<b>virtual<\/b>.<\/p>\n<p class=\"paragraph\">Entre sus\u00a0<b>16 categor\u00edas<\/b>\u00a0se encuentran:\u00a0<b>Cuenta de Memes del A\u00f1o<\/b>\u00a0y algunos de los nominados son Filosoraptor,\u00a0<b>Guarrom\u00e1ntico<\/b>\u00a0y El Deforma, otra categor\u00eda es\u00a0<b>Celebridad m\u00e1s Memeada<\/b>\u00a0y en ella destacan, Andrea Legarreta,<b>\u00a0Samuel Garc\u00eda<\/b>, Pedro Sola y\u00a0<b>B\u00e1rbara de Regil<\/b>.<\/p>\n<p>Tambi\u00e9n hay una categor\u00eda que<b>\u00a0premiar\u00e1 a la mejor comunidad de memes<\/b>, entre los nominados est\u00e1n, SDPitorreo, Memelas de Orizaba y\u00a0<b>Metro Tacubaya<\/b>. Incluso, habr\u00e1 una premiaci\u00f3n para la categor\u00eda \u00d3diame M\u00e1s, en la que destacan entre sus nominados\u00a0<b>Chumel Torres<\/b>, Club Am\u00e9rica, Aleks Syntek y\u00a0<b>Karla Panini<\/b>.<\/p>\n<h2 class=\"header\">La verdad detr\u00e1s de la supuesta \u201ccensura de memes\u201d propuesta por Morena<\/h2>\n<p class=\"paragraph\">Am\u00e9rica Rangel, diputada del congreso de la Ciudad de M\u00e9xico\u00a0<b>subi\u00f3 un meme\u00a0<\/b>a trav\u00e9s de sus redes sociales\u00a0con el que pidi\u00f3<b>\u00a0la pronta ubicaci\u00f3n de la jefa de gobierno, Claudia Sheinbaum Pardo<\/b>, a trav\u00e9s de la replica de una supuesta Alerta Amber; esto, luego de<b>\u00a0la gira que tuvo en diversos estados<\/b>, algunas veces acompa\u00f1ando incluso al presidente de M\u00e9xico, Andr\u00e9s Manuel L\u00f3pez Obrador (AMLO).<\/p>\n<p class=\"paragraph\">\u201cAmigos, pedimos su ayuda para encontrarnos Claudia Sheinbaum. Lleva varios d\u00edas sin presentarse a trabajar, se le vio por \u00faltima vez de gira por el pa\u00eds.\u00a0<b>Se\u00f1as particulares: repite sin pensar todo lo que dice su jefe L\u00f3pez Obrador<\/b>\u201d, escribi\u00f3 en un tuit.<\/p>\n<p class=\"paragraph\">Por su parte, X\u00f3chitl Bravo, diputada<b>, present\u00f3 un punto de acuerdo en el congreso de la Ciudad de M\u00e9xico<\/b>, mismo que muchos internautas lo consideraron como<b>\u00a0un m\u00e9todo de censura para quienes publicaran memes\u00a0<\/b>en contra del gobierno en turno, y en esta caso espec\u00edfico, en contra del Movimiento Regeneraci\u00f3n Nacional y la jefa de Gobierno.<\/p>\n<p class=\"paragraph\">Incluso la diputada Am\u00e9rica Rangel consider\u00f3 dicha medida como\u00a0<b>\u201cun atentado contra la libertad de expresi\u00f3n\u201d<\/b>, y asegur\u00f3 que los morenistas \u201cno toleran la cr\u00edtica y a todos nos quieren callar, a toda la oposici\u00f3n\u201d<\/p>\n<p class=\"paragraph\">\u201cCuando la oposici\u00f3n habla, critica y hacer ver los errores, te quieren meter a la c\u00e1rcel\u201d, dijo en conferencia de prensa.<\/p>\n<p class=\"paragraph\">Tambi\u00e9n<b>\u00a0asegur\u00f3 que se trata de una venganza\u00a0<\/b>por las denuncias iniciadas contra Sheinbaum por estar de gira \u201cen lugar de atender los problemas de esta gran ciudad\u201d.<\/p>\n","protected":false},"excerpt":{"rendered":"<p>Este 10 y 11 de diciembre se premiar\u00e1 a los mejores de este 2021 en una modalidad h\u00edbrida con actividades y conferencias Los memes se ganado un lugar en el\u00a0humor mexicano, no solamente en los momentos que ameritan algo de comedia, sino tambi\u00e9n en aqu\u00e9llos en los que\u00a0un poco de humor hacen el momento m\u00e1s [&hellip;]<\/p>\n","protected":false},"author":1,"featured_media":4133,"comment_status":"open","ping_status":"closed","sticky":false,"template":"","format":"standard","meta":{"footnotes":""},"categories":[2,4,5],"tags":[],"class_list":["post-4131","post","type-post","status-publish","format-standard","has-post-thumbnail","hentry","category-cultural","category-espectaculos","category-internacional"],"_links":{"self":[{"href":"https:\/\/podernacional.com\/index.php?rest_route=\/wp\/v2\/posts\/4131","targetHints":{"allow":["GET"]}}],"collection":[{"href":"https:\/\/podernacional.com\/index.php?rest_route=\/wp\/v2\/posts"}],"about":[{"href":"https:\/\/podernacional.com\/index.php?rest_route=\/wp\/v2\/types\/post"}],"author":[{"embeddable":true,"href":"https:\/\/podernacional.com\/index.php?rest_route=\/wp\/v2\/users\/1"}],"replies":[{"embeddable":true,"href":"https:\/\/podernacional.com\/index.php?rest_route=%2Fwp%2Fv2%2Fcomments&post=4131"}],"version-history":[{"count":0,"href":"https:\/\/podernacional.com\/index.php?rest_route=\/wp\/v2\/posts\/4131\/revisions"}],"wp:featuredmedia":[{"embeddable":true,"href":"https:\/\/podernacional.com\/index.php?rest_route=\/wp\/v2\/media\/4133"}],"wp:attachment":[{"href":"https:\/\/podernacional.com\/index.php?rest_route=%2Fwp%2Fv2%2Fmedia&parent=4131"}],"wp:term":[{"taxonomy":"category","embeddable":true,"href":"https:\/\/podernacional.com\/index.php?rest_route=%2Fwp%2Fv2%2Fcategories&post=4131"},{"taxonomy":"post_tag","embeddable":true,"href":"https:\/\/podernacional.com\/index.php?rest_route=%2Fwp%2Fv2%2Ftags&post=4131"}],"curies":[{"name":"wp","href":"https:\/\/api.w.org\/{rel}","templated":true}]}}