{"id":41331,"date":"2026-04-26T09:00:25","date_gmt":"2026-04-26T14:00:25","guid":{"rendered":"https:\/\/podernacional.com\/?p=41331"},"modified":"2026-04-26T08:49:41","modified_gmt":"2026-04-26T13:49:41","slug":"lesion-de-mohamed-salah-genera-dudas-sobre-si-volvera-a-jugar-con-liverpool","status":"publish","type":"post","link":"https:\/\/podernacional.com\/?p=41331","title":{"rendered":"Lesi\u00f3n de Mohamed Salah genera dudas sobre si volver\u00e1 a jugar con Liverpool"},"content":{"rendered":"<p>\ud83d\udd38 El egipcio sali\u00f3 de cambio en el juego ante el Crystal Palace a falta de cuatro fechas en la Premier League.<\/p>\n<p>#DEPORTES | Mohamed Salah podr\u00eda haber disputado su \u00faltimo partido con el Liverpool despu\u00e9s de lesionarse en la victoria contra el Crystal Palace en la Premier League el s\u00e1bado.<\/p>\n<p>Salah dejar\u00e1 Anfield al final de la temporada y el entrenador del Liverpool, Arne Slot, se\u00f1al\u00f3 que no sab\u00eda cu\u00e1nto tardar\u00eda Salah en recuperarse de lo que parec\u00eda ser un problema en el tend\u00f3n de la corva.<\/p>\n<p>El egipcio y jugador Red, fue sustituido a los 59 minutos de la victoria 3-1 en casa y aplaudi\u00f3 a los aficionados locales mientras abandonaba el campo.<\/p>\n<p>Despu\u00e9s se le pregunt\u00f3 a Slot si Salah podr\u00eda volver a jugar esta temporada. La \u00faltima jornada de la Premier League es el 24 de mayo.<\/p>\n<p>\u201cSimplemente no lo sabemos, pero lo que s\u00ed conocemos es que la temporada termina en cuatro semanas, as\u00ed que no se van a jugar muchos partidos\u201d, manifest\u00f3. \u201cTenemos que esperar y ver c\u00f3mo evoluciona su lesi\u00f3n y si puede volver a jugar.<\/p>\n<p>Salah ha atravesado una temporada complicada, en la que protagoniz\u00f3 un enfrentamiento p\u00fablico con Slot despu\u00e9s de ser relegado y anot\u00f3 apenas siete goles en la Premier League (su cifra m\u00e1s baja desde que lleg\u00f3 al club en 2017).<\/p>\n<p>\u201cLo que s\u00ed s\u00e9 de Mo es que, a lo largo de todos estos a\u00f1os, ha cuidado tan bien su cuerpo que necesitar\u00e1 el m\u00ednimo tiempo requerido para recuperarse de una lesi\u00f3n\u201d.<\/p>\n<p>#Lesi\u00f3n #MohamedSalah #Genera #Dudas #Sobre #Disposici\u00f3n #Para #Jugar #Con #Liverpool<\/p>\n","protected":false},"excerpt":{"rendered":"<p>\ud83d\udd38 El egipcio sali\u00f3 de cambio en el juego ante el Crystal Palace a falta de cuatro fechas en la Premier League. #DEPORTES | Mohamed Salah podr\u00eda haber disputado su \u00faltimo partido con el Liverpool despu\u00e9s de lesionarse en la victoria contra el Crystal Palace en la Premier League el s\u00e1bado. Salah dejar\u00e1 Anfield al [&hellip;]<\/p>\n","protected":false},"author":1,"featured_media":41333,"comment_status":"open","ping_status":"closed","sticky":false,"template":"","format":"standard","meta":{"footnotes":""},"categories":[3],"tags":[],"class_list":["post-41331","post","type-post","status-publish","format-standard","has-post-thumbnail","hentry","category-deportes"],"_links":{"self":[{"href":"https:\/\/podernacional.com\/index.php?rest_route=\/wp\/v2\/posts\/41331","targetHints":{"allow":["GET"]}}],"collection":[{"href":"https:\/\/podernacional.com\/index.php?rest_route=\/wp\/v2\/posts"}],"about":[{"href":"https:\/\/podernacional.com\/index.php?rest_route=\/wp\/v2\/types\/post"}],"author":[{"embeddable":true,"href":"https:\/\/podernacional.com\/index.php?rest_route=\/wp\/v2\/users\/1"}],"replies":[{"embeddable":true,"href":"https:\/\/podernacional.com\/index.php?rest_route=%2Fwp%2Fv2%2Fcomments&post=41331"}],"version-history":[{"count":1,"href":"https:\/\/podernacional.com\/index.php?rest_route=\/wp\/v2\/posts\/41331\/revisions"}],"predecessor-version":[{"id":41332,"href":"https:\/\/podernacional.com\/index.php?rest_route=\/wp\/v2\/posts\/41331\/revisions\/41332"}],"wp:featuredmedia":[{"embeddable":true,"href":"https:\/\/podernacional.com\/index.php?rest_route=\/wp\/v2\/media\/41333"}],"wp:attachment":[{"href":"https:\/\/podernacional.com\/index.php?rest_route=%2Fwp%2Fv2%2Fmedia&parent=41331"}],"wp:term":[{"taxonomy":"category","embeddable":true,"href":"https:\/\/podernacional.com\/index.php?rest_route=%2Fwp%2Fv2%2Fcategories&post=41331"},{"taxonomy":"post_tag","embeddable":true,"href":"https:\/\/podernacional.com\/index.php?rest_route=%2Fwp%2Fv2%2Ftags&post=41331"}],"curies":[{"name":"wp","href":"https:\/\/api.w.org\/{rel}","templated":true}]}}