{"id":41349,"date":"2026-04-27T09:00:50","date_gmt":"2026-04-27T14:00:50","guid":{"rendered":"https:\/\/podernacional.com\/?p=41349"},"modified":"2026-04-27T09:35:24","modified_gmt":"2026-04-27T14:35:24","slug":"localizan-sin-vida-al-cuarto-minero-atrapado-en-sinaloa","status":"publish","type":"post","link":"https:\/\/podernacional.com\/?p=41349","title":{"rendered":"Localizan sin vida al cuarto minero atrapado en Sinaloa"},"content":{"rendered":"<p>\ud83d\udd38 Leandro Beltr\u00e1n, \u00faltimo trabajador que permaneci\u00f3 bajo los escombros tras el derrumbe, fue localizado fallecido tras 33 d\u00edas de labores para su rescate<\/p>\n<p>&nbsp;<\/p>\n<p>#NACIONAL | Autoridades localizaron sin vida al cuarto y \u00faltimo trabajador que hab\u00eda quedado atrapado tras un derrumbe en la mina Santa Fe, en El Rosario, Sinaloa, que colaps\u00f3 el pasado 25 de marzo, en el que otros dos mineros fueron rescatados vivos y uno m\u00e1s muerto.<\/p>\n<p>En un comunicado, la Coordinaci\u00f3n Nacional de Protecci\u00f3n Civil inform\u00f3 del hallazgo del cuerpo del hombre, identificado como Leandro Isidro Beltr\u00e1n Res\u00e9ndiz, de 54 a\u00f1os, quien fue localizado a las 2:15 h local, tras 33 d\u00edas de operaciones ininterrumpidas.<\/p>\n<p>Labores de rescate en mina Santa Fe, en El Rosario, Sinaloa. Foto de CNPC<br \/>\nEl derrumbe ocurri\u00f3 el pasado 25 de marzo, alrededor de las 15:00 h local, cuando colaps\u00f3 la presa de jales al interior de la mina, estructura donde se acumulan los residuos de la extracci\u00f3n.<\/p>\n<p>Al momento del siniestro hab\u00eda 25 trabajadores dentro del yacimiento, de los que 21 lograron salir por sus propios medios y cuatro quedaron atrapados.<\/p>\n<p>Tras los trabajos de rescate, fueron localizados con vida Jos\u00e9 Alejandro C\u00e1stulo Col\u00edn, la noche del 29 de marzo, y Francisco Zapata N\u00e1jera, el 7 de abril.<\/p>\n<p>Asimismo, el 8 de abril fue recuperado el cuerpo sin vida de Abraham Aguilera Aguilera.<\/p>\n<p>Tras el hallazgo del \u00faltimo minero, el Gobierno de M\u00e9xico y las autoridades locales aseguraron que mantienen el compromiso de brindar acompa\u00f1amiento y apoyo a la familia de Leandro Isidro Beltr\u00e1n Res\u00e9ndiz durante este proceso.<\/p>\n<p>Sinaloa es uno de los principales estados productores de minerales en el pa\u00eds, en un sector que aporta algo m\u00e1s del 2 por ciento del PIB nacional, seg\u00fan datos de la Asociaci\u00f3n de Ingenieros de Minas, Metalurgistas y Ge\u00f3logos de M\u00e9xico (Aimmgm).<\/p>\n","protected":false},"excerpt":{"rendered":"<p>\ud83d\udd38 Leandro Beltr\u00e1n, \u00faltimo trabajador que permaneci\u00f3 bajo los escombros tras el derrumbe, fue localizado fallecido tras 33 d\u00edas de labores para su rescate &nbsp; #NACIONAL | Autoridades localizaron sin vida al cuarto y \u00faltimo trabajador que hab\u00eda quedado atrapado tras un derrumbe en la mina Santa Fe, en El Rosario, Sinaloa, que colaps\u00f3 el [&hellip;]<\/p>\n","protected":false},"author":1,"featured_media":41351,"comment_status":"open","ping_status":"closed","sticky":false,"template":"","format":"standard","meta":{"footnotes":""},"categories":[7,155],"tags":[],"class_list":["post-41349","post","type-post","status-publish","format-standard","has-post-thumbnail","hentry","category-nacional","category-sinaloa"],"_links":{"self":[{"href":"https:\/\/podernacional.com\/index.php?rest_route=\/wp\/v2\/posts\/41349","targetHints":{"allow":["GET"]}}],"collection":[{"href":"https:\/\/podernacional.com\/index.php?rest_route=\/wp\/v2\/posts"}],"about":[{"href":"https:\/\/podernacional.com\/index.php?rest_route=\/wp\/v2\/types\/post"}],"author":[{"embeddable":true,"href":"https:\/\/podernacional.com\/index.php?rest_route=\/wp\/v2\/users\/1"}],"replies":[{"embeddable":true,"href":"https:\/\/podernacional.com\/index.php?rest_route=%2Fwp%2Fv2%2Fcomments&post=41349"}],"version-history":[{"count":1,"href":"https:\/\/podernacional.com\/index.php?rest_route=\/wp\/v2\/posts\/41349\/revisions"}],"predecessor-version":[{"id":41350,"href":"https:\/\/podernacional.com\/index.php?rest_route=\/wp\/v2\/posts\/41349\/revisions\/41350"}],"wp:featuredmedia":[{"embeddable":true,"href":"https:\/\/podernacional.com\/index.php?rest_route=\/wp\/v2\/media\/41351"}],"wp:attachment":[{"href":"https:\/\/podernacional.com\/index.php?rest_route=%2Fwp%2Fv2%2Fmedia&parent=41349"}],"wp:term":[{"taxonomy":"category","embeddable":true,"href":"https:\/\/podernacional.com\/index.php?rest_route=%2Fwp%2Fv2%2Fcategories&post=41349"},{"taxonomy":"post_tag","embeddable":true,"href":"https:\/\/podernacional.com\/index.php?rest_route=%2Fwp%2Fv2%2Ftags&post=41349"}],"curies":[{"name":"wp","href":"https:\/\/api.w.org\/{rel}","templated":true}]}}