{"id":4152,"date":"2021-12-12T00:16:49","date_gmt":"2021-12-12T00:16:49","guid":{"rendered":"https:\/\/whatsappcancun.com\/?p=4152"},"modified":"2021-12-12T00:16:49","modified_gmt":"2021-12-12T00:16:49","slug":"denuncia-historica-ciudadano-halla-estas-piezas-mayas-en-cueva-de-qroo","status":"publish","type":"post","link":"https:\/\/podernacional.com\/?p=4152","title":{"rendered":"\u00a1Denuncia hist\u00f3rica! Ciudadano halla estas piezas mayas en cueva de QRoo"},"content":{"rendered":"<p><strong>El Instituto Nacional de Antropolog\u00eda e Historia (INAH)<\/strong>\u00a0recuper\u00f3 antiguas\u00a0<strong>piezas mayas<\/strong>\u00a0en\u00a0<strong>Quintana Roo<\/strong>\u00a0debido a una denuncia ciudadana, la cual inform\u00f3 que estaban en el fondo de una cueva.<\/p>\n<h2>Piezas mayas en el fondo de una cueva<\/h2>\n<p>Las cuevas para los\u00a0<strong>mayas prehisp\u00e1nicos<\/strong>\u00a0representaban entradas al inframundo, al hogar de las deidades y sitios para\u00a0<strong>obtener agua pr\u00edstina<\/strong>\u00a0para el sustento relacionada con la sanaci\u00f3n, ligada a los designios de los dioses.<\/p>\n<p>Por ello, este hallazgo y muchos otros confirman que las cuevas est\u00e1n \u00edntimamente relacionadas con la cosmogon\u00eda maya, sobre todo en\u00a0<strong>la Pen\u00ednsula de Yucat\u00e1n<\/strong>.<\/p>\n<p>En este caso, el hallazgo se debi\u00f3 a una denuncia ciudadana, hecho que cobra el doble de importancia.<\/p>\n<h2>\u00bfC\u00f3mo fue la denuncia ciudadana para hallar piezas mayas hist\u00f3ricas?<\/h2>\n<p>El pasado 20 de noviembre, personal de la asociaci\u00f3n civil\u00a0<strong>C\u00edrculo Espeleol\u00f3gico del Mayab y del Proyecto Cenotes Urbanos de Playa del Carmen<\/strong>, dedicado al registro y mapeo de las cuevas de esta regi\u00f3n, present\u00f3 una denuncia\u00a0<strong>al Centro INAH Quintana Roo<\/strong>, notificando la presencia de bienes arqueol\u00f3gicos dentro de una oquedad natural de las inmediaciones del pueblo de Chemuyil.<\/p>\n<p>Los investigadores descubrieron estas piezas en la parte m\u00e1s intrincada de la cueva y de m\u00e1s dif\u00edcil acceso. Si bien en\u00a0<strong>Chemuyil\u00a0<\/strong>no se tiene noticia de un sitio arqueol\u00f3gico al que pueda vincularse esta cueva, el territorio de esta comunidad, ubicada entre\u00a0<strong>Playa del Carmen\u00a0y\u00a0Tulum<\/strong>, forma parte de una extensa regi\u00f3n con numerosas oquedades naturales que a menudo eran empleadas con\u00a0<strong>fines rituales.<\/strong><\/p>\n<h2>Cuevas: \u00bfcomunicaci\u00f3n con los dioses mayas?<\/h2>\n<p>La conexi\u00f3n de estas cuevas con la cosmogon\u00eda maya es notable, pues las piezas encontradas revelaron que el cajete, una de las\u00a0<strong>piezas encontradas<\/strong>, fue depositado boca abajo y cubierto con piedras, por lo cual es claro que se trata de una ofrenda, mientras que las vasijas fueron usadas para la recolecci\u00f3n ritual del agua pr\u00edstina que\u00a0<strong>bajaba de las estalactitas<\/strong>.<\/p>\n<p>Seg\u00fan el ciudadano que encontr\u00f3 las piezas, \u00e9stas fueron colocadas sobre nichos naturales de la cueva, probablemente en sitios donde el\u00a0<strong>agua escurr\u00eda desde las estalactitas<\/strong>; inclusive, el tercer elemento, un cajete tr\u00edpode con soportes c\u00f3nicos, estaba muy pr\u00f3ximo a un cuerpo de agua que, se estima, tiene continuidad hacia la\u00a0<strong>parte inferior de la caverna<\/strong>.<\/p>\n<h2>\u00bfCu\u00e1les fueron las piezas mayas hist\u00f3ricas halladas?<\/h2>\n<p>El INAH confirm\u00f3 el hallazgo en la parte m\u00e1s profunda de la cueva de estos objetos que han sido fechados hacia el periodo\u00a0<strong>Poscl\u00e1sico Tard\u00edo maya (1200\u20131550 d.C.).<\/strong><\/p>\n<p>El primero es una\u00a0<strong>vasija monocroma de tipo Navul\u00e1 burdo,<\/strong>\u00a0la cual conserva una de dos asas y tiene una cavidad c\u00f3ncava en su base, propia de su tipo cer\u00e1mico.<\/p>\n<p>La segunda pieza corresponde a una\u00a0<strong>olla globular, que se encontr\u00f3 fragmentada debido a que la ra\u00edz de uno de los \u00e1rboles de la superficie la presion\u00f3 contra las rocas<\/strong>.<\/p>\n<p>Mientras que la tercera es el\u00a0<strong>cajete tr\u00edpode<\/strong>\u00a0con\u00a0<strong>soportes c\u00f3nicos<\/strong>, que estaba muy pr\u00f3ximo al agua, lo que implica la cercan\u00eda de estas\u00a0<strong>cuevas con las deidades mayas<\/strong>.<\/p>\n<ul>\n<li><strong>Lo destacable del hallazgo es que deriva de una denuncia ciudadana<\/strong>, pues, por lo general, algunas personas aprovechan para vender las piezas<\/li>\n<\/ul>\n","protected":false},"excerpt":{"rendered":"<p>El Instituto Nacional de Antropolog\u00eda e Historia (INAH)\u00a0recuper\u00f3 antiguas\u00a0piezas mayas\u00a0en\u00a0Quintana Roo\u00a0debido a una denuncia ciudadana, la cual inform\u00f3 que estaban en el fondo de una cueva. Piezas mayas en el fondo de una cueva Las cuevas para los\u00a0mayas prehisp\u00e1nicos\u00a0representaban entradas al inframundo, al hogar de las deidades y sitios para\u00a0obtener agua pr\u00edstina\u00a0para el sustento relacionada [&hellip;]<\/p>\n","protected":false},"author":1,"featured_media":4154,"comment_status":"open","ping_status":"closed","sticky":false,"template":"","format":"standard","meta":{"footnotes":""},"categories":[2,6,10],"tags":[],"class_list":["post-4152","post","type-post","status-publish","format-standard","has-post-thumbnail","hentry","category-cultural","category-local","category-quintana-roo"],"_links":{"self":[{"href":"https:\/\/podernacional.com\/index.php?rest_route=\/wp\/v2\/posts\/4152","targetHints":{"allow":["GET"]}}],"collection":[{"href":"https:\/\/podernacional.com\/index.php?rest_route=\/wp\/v2\/posts"}],"about":[{"href":"https:\/\/podernacional.com\/index.php?rest_route=\/wp\/v2\/types\/post"}],"author":[{"embeddable":true,"href":"https:\/\/podernacional.com\/index.php?rest_route=\/wp\/v2\/users\/1"}],"replies":[{"embeddable":true,"href":"https:\/\/podernacional.com\/index.php?rest_route=%2Fwp%2Fv2%2Fcomments&post=4152"}],"version-history":[{"count":0,"href":"https:\/\/podernacional.com\/index.php?rest_route=\/wp\/v2\/posts\/4152\/revisions"}],"wp:featuredmedia":[{"embeddable":true,"href":"https:\/\/podernacional.com\/index.php?rest_route=\/wp\/v2\/media\/4154"}],"wp:attachment":[{"href":"https:\/\/podernacional.com\/index.php?rest_route=%2Fwp%2Fv2%2Fmedia&parent=4152"}],"wp:term":[{"taxonomy":"category","embeddable":true,"href":"https:\/\/podernacional.com\/index.php?rest_route=%2Fwp%2Fv2%2Fcategories&post=4152"},{"taxonomy":"post_tag","embeddable":true,"href":"https:\/\/podernacional.com\/index.php?rest_route=%2Fwp%2Fv2%2Ftags&post=4152"}],"curies":[{"name":"wp","href":"https:\/\/api.w.org\/{rel}","templated":true}]}}