{"id":4161,"date":"2021-12-13T20:44:00","date_gmt":"2021-12-13T20:44:00","guid":{"rendered":"https:\/\/whatsappcancun.com\/?p=4161"},"modified":"2021-12-13T20:44:00","modified_gmt":"2021-12-13T20:44:00","slug":"the-batman-un-trailer-internacional-da-nuevas-pistas-sobre-el-pasado-de-bruce-wayne-con-enigma","status":"publish","type":"post","link":"https:\/\/podernacional.com\/?p=4161","title":{"rendered":"&#8216;The Batman&#8217;: Un tr\u00e1iler internacional da nuevas pistas sobre el pasado de Bruce Wayne con Enigma"},"content":{"rendered":"<p>La pel\u00edcula sobre el Caballero Oscuro interpretado por Robert Pattinson, llega a las salas de cine el 4 de marzo de 2022.<\/p>\n<p>Robert Pattinson\u00a0debutar\u00e1 como<strong>\u00a0Bruce Wayne<\/strong>\u00a0en la gran pantalla el<strong>\u00a04 de marzo de 2022<\/strong>. Ese es el d\u00eda en el que\u00a0<i>The Batman<\/i>, dirigida por\u00a0Matt Reeves, aterriza en las carteleras. En esta nueva versi\u00f3n del Caballero Oscuro, el personaje de\u00a0<strong>DC<\/strong>\u00a0lleva solo un\u00a0<strong>par de a\u00f1os vigilando Gotham<\/strong>\u00a0y se enfrentar\u00e1 a diferentes enemigos. Es el caso de\u00a0<strong>Oswald Cobblepot<\/strong>\/<strong>Ping\u00fcino<\/strong>\u00a0(Colin Farrell),\u00a0<strong>Carmine Falcone<\/strong>\u00a0(John Turturro) y\u00a0<strong>Edward Nashton<\/strong>\/<strong>Enigma<\/strong>\u00a0(Paul Dano). Este \u00faltimo ser\u00e1 uno de los villanos principales del filme y un nuevo tr\u00e1iler internacional de\u00a0<i>The Batman<\/i>\u00a0da<strong>\u00a0pistas sobre el pasado de Bruce Wayne con Enigma<\/strong>.<\/p>\n<p>En el\u00a0<strong>segundo 0:13<\/strong>\u00a0del adelanto que encontrar\u00e1s a continuaci\u00f3n, aparecen unas im\u00e1genes y recortes de peri\u00f3dico centrados en Bruce Wayne. En una foto se ve al protagonista de joven junto a los que parecen ser sus padres\u00a0<strong>Thomas<\/strong>\u00a0y\u00a0<strong>Martha Wayne<\/strong>. A su lado hay un coro de ni\u00f1os y uno de ellos -el que lleva gafas- parece\u00a0<strong>Edward Nashton de peque\u00f1o<\/strong>. Es m\u00e1s, justo ese joven est\u00e1 luego destacado en grande y con un interrogante dibujado encima de la imagen.<\/p>\n<div class=\"breaker\">En el tabl\u00f3n de recortes tambi\u00e9n se lee esta frase:\u00a0<strong>\u00abIf only I knew then&#8230; What I know now?\u00bb<\/strong>\u00a0(en espa\u00f1ol: \u00abSi solo yo lo sab\u00eda entonces, \u00bfqu\u00e9 es lo que s\u00e9 ahora?\u00bb). Parece que la rivalidad entre Bruce Wayne y Enigma se remonta a alg\u00fan acontecimiento de su infancia. \u00bfQu\u00e9 habr\u00e1 ocurrido cuando no eran m\u00e1s que ni\u00f1os? \u00bfTendr\u00e1 alguna decisi\u00f3n tomada por Thomas Wayne la culpa de que Edward Nasthton vaya a por Batman?<\/div>\n<div>\n<p>En el v\u00eddeo tambi\u00e9n puedes ver algunas<strong>\u00a0im\u00e1genes in\u00e9ditas de la pel\u00edcula<\/strong>. Por ejemplo, en la secuencia que transcurre en la iglesia, Enigma mira desde las alturas al protagonista. Este \u00faltimo tambi\u00e9n le devuelve la mirada.<\/p>\n<p><i>The Batman<\/i>\u00a0completa su reparto principal con\u00a0Andy Serkis\u00a0como\u00a0<strong>Alfred Pennyworth<\/strong>,\u00a0Zo\u00eb Kravitz\u00a0como\u00a0<strong>Selina Kyle<\/strong>\/<strong>Catwoman<\/strong>\u00a0y\u00a0Jeffrey Wright\u00a0como\u00a0<strong>James Gordon<\/strong>. Sobre estas l\u00edneas, no te pierdas el tr\u00e1iler.<\/p>\n<\/div>\n","protected":false},"excerpt":{"rendered":"<p>La pel\u00edcula sobre el Caballero Oscuro interpretado por Robert Pattinson, llega a las salas de cine el 4 de marzo de 2022. Robert Pattinson\u00a0debutar\u00e1 como\u00a0Bruce Wayne\u00a0en la gran pantalla el\u00a04 de marzo de 2022. Ese es el d\u00eda en el que\u00a0The Batman, dirigida por\u00a0Matt Reeves, aterriza en las carteleras. En esta nueva versi\u00f3n del Caballero [&hellip;]<\/p>\n","protected":false},"author":1,"featured_media":4163,"comment_status":"open","ping_status":"closed","sticky":false,"template":"","format":"standard","meta":{"footnotes":""},"categories":[4,5],"tags":[],"class_list":["post-4161","post","type-post","status-publish","format-standard","has-post-thumbnail","hentry","category-espectaculos","category-internacional"],"_links":{"self":[{"href":"https:\/\/podernacional.com\/index.php?rest_route=\/wp\/v2\/posts\/4161","targetHints":{"allow":["GET"]}}],"collection":[{"href":"https:\/\/podernacional.com\/index.php?rest_route=\/wp\/v2\/posts"}],"about":[{"href":"https:\/\/podernacional.com\/index.php?rest_route=\/wp\/v2\/types\/post"}],"author":[{"embeddable":true,"href":"https:\/\/podernacional.com\/index.php?rest_route=\/wp\/v2\/users\/1"}],"replies":[{"embeddable":true,"href":"https:\/\/podernacional.com\/index.php?rest_route=%2Fwp%2Fv2%2Fcomments&post=4161"}],"version-history":[{"count":0,"href":"https:\/\/podernacional.com\/index.php?rest_route=\/wp\/v2\/posts\/4161\/revisions"}],"wp:featuredmedia":[{"embeddable":true,"href":"https:\/\/podernacional.com\/index.php?rest_route=\/wp\/v2\/media\/4163"}],"wp:attachment":[{"href":"https:\/\/podernacional.com\/index.php?rest_route=%2Fwp%2Fv2%2Fmedia&parent=4161"}],"wp:term":[{"taxonomy":"category","embeddable":true,"href":"https:\/\/podernacional.com\/index.php?rest_route=%2Fwp%2Fv2%2Fcategories&post=4161"},{"taxonomy":"post_tag","embeddable":true,"href":"https:\/\/podernacional.com\/index.php?rest_route=%2Fwp%2Fv2%2Ftags&post=4161"}],"curies":[{"name":"wp","href":"https:\/\/api.w.org\/{rel}","templated":true}]}}