{"id":4173,"date":"2021-12-15T00:07:25","date_gmt":"2021-12-15T00:07:25","guid":{"rendered":"https:\/\/whatsappcancun.com\/?p=4173"},"modified":"2021-12-15T00:07:25","modified_gmt":"2021-12-15T00:07:25","slug":"mas-de-600-organizaciones-piden-un-tratado-internacional-sobre-los-plasticos","status":"publish","type":"post","link":"https:\/\/podernacional.com\/?p=4173","title":{"rendered":"M\u00e1s de 600 organizaciones piden un tratado internacional sobre los pl\u00e1sticos"},"content":{"rendered":"<p>M\u00e1s de 600 organizaciones de la sociedad civil mundial hicieron hoy un llamamiento conjunto a los estados miembros de las Naciones Unidas para que negocien un acuerdo internacional, jur\u00eddicamente vinculante, que ponga fin a la amenaza medioambiental que suponen los residuos pl\u00e1sticos.<\/p>\n<p>Con la mirada puesta en la pr\u00f3xima Asamblea de las Naciones Unidas para el Medio Ambiente, prevista para febrero de 2022, 685 organizaciones de 113 pa\u00edses se han sumado a las llamadas al sector empresarial e industrial para que hagan frente a esta crisis ambiental.<\/p>\n<p>\u00abLa incapacidad del mundo para gestionar los residuos pl\u00e1sticos hace que un tercio del pl\u00e1stico, es decir, 100 millones de toneladas m\u00e9tricas de residuos, se convierta en contaminaci\u00f3n terrestre o marina\u00bb, afirm\u00f3 el experto del Fondo Mundial para la Naturaleza (WWF) Erik Lindebjerg.<\/p>\n<p>\u00abHa llegado el momento de que las Naciones Unidas establezcan un tratado sobre la contaminaci\u00f3n por pl\u00e1sticos que fije las normas y reglamentos comunes necesarios y termine con el dep\u00f3sito de \u00e9stos en los oc\u00e9anos antes de 2030\u00bb, agreg\u00f3.<\/p>\n<p>El tratado que negocia la comunidad internacional busca acelerar el proceso para acabar con los pl\u00e1sticos perjudiciales para la biodiversidad, el clima y la salud humana. EFE<\/p>\n","protected":false},"excerpt":{"rendered":"<p>M\u00e1s de 600 organizaciones de la sociedad civil mundial hicieron hoy un llamamiento conjunto a los estados miembros de las Naciones Unidas para que negocien un acuerdo internacional, jur\u00eddicamente vinculante, que ponga fin a la amenaza medioambiental que suponen los residuos pl\u00e1sticos. Con la mirada puesta en la pr\u00f3xima Asamblea de las Naciones Unidas para [&hellip;]<\/p>\n","protected":false},"author":1,"featured_media":4175,"comment_status":"open","ping_status":"closed","sticky":false,"template":"","format":"standard","meta":{"footnotes":""},"categories":[5],"tags":[],"class_list":["post-4173","post","type-post","status-publish","format-standard","has-post-thumbnail","hentry","category-internacional"],"_links":{"self":[{"href":"https:\/\/podernacional.com\/index.php?rest_route=\/wp\/v2\/posts\/4173","targetHints":{"allow":["GET"]}}],"collection":[{"href":"https:\/\/podernacional.com\/index.php?rest_route=\/wp\/v2\/posts"}],"about":[{"href":"https:\/\/podernacional.com\/index.php?rest_route=\/wp\/v2\/types\/post"}],"author":[{"embeddable":true,"href":"https:\/\/podernacional.com\/index.php?rest_route=\/wp\/v2\/users\/1"}],"replies":[{"embeddable":true,"href":"https:\/\/podernacional.com\/index.php?rest_route=%2Fwp%2Fv2%2Fcomments&post=4173"}],"version-history":[{"count":0,"href":"https:\/\/podernacional.com\/index.php?rest_route=\/wp\/v2\/posts\/4173\/revisions"}],"wp:featuredmedia":[{"embeddable":true,"href":"https:\/\/podernacional.com\/index.php?rest_route=\/wp\/v2\/media\/4175"}],"wp:attachment":[{"href":"https:\/\/podernacional.com\/index.php?rest_route=%2Fwp%2Fv2%2Fmedia&parent=4173"}],"wp:term":[{"taxonomy":"category","embeddable":true,"href":"https:\/\/podernacional.com\/index.php?rest_route=%2Fwp%2Fv2%2Fcategories&post=4173"},{"taxonomy":"post_tag","embeddable":true,"href":"https:\/\/podernacional.com\/index.php?rest_route=%2Fwp%2Fv2%2Ftags&post=4173"}],"curies":[{"name":"wp","href":"https:\/\/api.w.org\/{rel}","templated":true}]}}