{"id":421,"date":"2020-06-25T22:20:53","date_gmt":"2020-06-25T22:20:53","guid":{"rendered":"http:\/\/whatsappcancun.com\/?p=421"},"modified":"2020-06-25T22:20:53","modified_gmt":"2020-06-25T22:20:53","slug":"terror-el-espeluznante-poltergeist-de-puerto-montt","status":"publish","type":"post","link":"https:\/\/podernacional.com\/?p=421","title":{"rendered":"TERROR: El espeluznante Poltergeist de Puerto Montt"},"content":{"rendered":"\n<p>La\u00a0<strong>ins\u00f3lita<\/strong>\u00a0historia de\u00a0<strong>terror<\/strong>\u00a0nos habla de un\u00a0<strong>Poltergeist<\/strong>\u00a0en Puerto Montt, en Chile, se hizo muy famosa en todo el mundo y pas\u00f3 hace 3 a\u00f1os.<\/p>\n\n\n\n<p>La ciudad costera al sur de Chile cuenta con un clima agradable, en este poblado fueron testigos de un&nbsp;<strong>ins\u00f3lito<\/strong>&nbsp;suceso el d\u00eda 26 de febrero del a\u00f1o 2017, cuando unos polic\u00edas recibieron una llamada, quien les contest\u00f3 les dijo: \u201cvengan por favor, el fantasma ha vuelto\u201d.<\/p>\n\n\n\n<h2 class=\"wp-block-heading\">Puerto Montt en Chile, un Poltergeist de Terror<\/h2>\n\n\n\n<figure class=\"wp-block-image\"><img decoding=\"async\" src=\"https:\/\/laverdadnoticias.com\/export\/sites\/laverdad\/img\/2020\/06\/24\/2_terror_el_espeluznante_poltergeist_de_puerto_montt.jpg_179781763.jpg\" alt=\"TERROR: El espeluznante Poltergeist de Puerto Montt\" title=\"TERROR: El espeluznante Poltergeist de Puerto Montt\"\/><figcaption>TERROR: El espeluznante Poltergeist de Puerto Montt<\/figcaption><\/figure>\n\n\n\n<p>La direcci\u00f3n de la casa era la calle Esperanza 3322. Todo comenz\u00f3 desde el d\u00eda 8 de febrero cuando Diego Almonacid, un joven de 17 a\u00f1os que habitaba all\u00ed hall\u00f3 en la reja de la casa una bolsa con excrementos humanos, tan solo le dio asco y no le dio importancia, pero a partir de ese d\u00eda empezaron las manifestaciones&nbsp;<strong>Poltergeist<\/strong>&nbsp;de&nbsp;<strong>terror,&nbsp;<\/strong>las cuales dieron la vuelta al mundo.<\/p>\n\n\n\n<p>Las luces se encend\u00edan o apagaban sin motivo, sombras, ruidos, peque\u00f1os incendios espont\u00e1neos, vidrios rotos, cosas que cambiaban de lugar, hab\u00eda d\u00edas que se escuchaban gritos\u2026 vecinos quisieron ayudar a la familia, no pas\u00f3 nada y mandaron llamar a sacerdotes y m\u00e9diums, pero nada resultaba con bien, solo empeoraban las cosas.<\/p>\n\n\n\n<p>El 26 de febrero los polic\u00edas ingresaron a la casa, un cuchillo vol\u00f3 en la espalda de uno de ellos, por fortuna no resulto herido por que tra\u00eda puesto su chaleco antibalas. Despu\u00e9s de esto trasladaron a la familia al sal\u00f3n social del barrio, muy cerca de la casa y ah\u00ed vivieron durante varios meses.<\/p>\n\n\n\n<figure class=\"wp-block-image\"><img decoding=\"async\" src=\"https:\/\/laverdadnoticias.com\/export\/sites\/laverdad\/img\/2020\/06\/24\/3_terror_el_espeluznante_poltergeist_de_puerto_montt.jpg_559035037.jpg\" alt=\"TERROR: El espeluznante Poltergeist de Puerto Montt\" title=\"TERROR: El espeluznante Poltergeist de Puerto Montt\"\/><figcaption>TERROR: El espeluznante Poltergeist de Puerto Montt<\/figcaption><\/figure>\n\n\n\n<p>Varios medios de televisi\u00f3n llegaron a la casa, el m\u00e1s destacado fue el programa televisi\u00f3n \u00abMucho Gusto\u00bb de Mega, donde particip\u00f3 la Vidente Vanessa Daroch y realiz\u00f3 una trasmisi\u00f3n en vivo , donde afirmaron haber padecido algunos de los fen\u00f3menos, pero d\u00edas despu\u00e9s se retract\u00f3 de haber participado en esa transmisi\u00f3n.<\/p>\n\n\n\n<p>Una parte de la poblaci\u00f3n los consideraba mentirosos, otros los apoyaban y existen tantos videos aficionados que tratan de mostrar la veracidad del fen\u00f3meno como los que lo desmienten y que se pueden encontrar en internet.<\/p>\n\n\n\n<figure class=\"wp-block-image\"><img decoding=\"async\" src=\"https:\/\/laverdadnoticias.com\/export\/sites\/laverdad\/img\/2020\/06\/24\/4_terror_el_espeluznante_poltergeist_de_puerto_montt.jpg_1453598011.jpg\" alt=\"TERROR: El espeluznante Poltergeist de Puerto Montt\" title=\"TERROR: El espeluznante Poltergeist de Puerto Montt\"\/><figcaption>TERROR: El espeluznante Poltergeist de Puerto Montt<\/figcaption><\/figure>\n\n\n\n<p>Meses despu\u00e9s y como si nada, la familia regres\u00f3 ya que pareciera que todo hab\u00eda terminado, pero Juan Insulza quien es el due\u00f1o de la vivienda afirm\u00f3 que esos extra\u00f1os fen\u00f3menos se traslad\u00f3 a la casa de una de sus hijas. \u00bfPoltergeist o montaje? Pero como siempre dicen: \u00abusted tiene la \u00faltima palabra\u00bb de esta&nbsp;<a href=\"https:\/\/laverdadnoticias.com\/insolito\/TERROR-El-autobus-fantasma-375-de-Beijing-20200618-0173.html\" target=\"_blank\" rel=\"noreferrer noopener\">historia de terror.<\/a><\/p>\n","protected":false},"excerpt":{"rendered":"<p>La\u00a0ins\u00f3lita\u00a0historia de\u00a0terror\u00a0nos habla de un\u00a0Poltergeist\u00a0en Puerto Montt, en Chile, se hizo muy famosa en todo el mundo y pas\u00f3 hace 3 a\u00f1os. La ciudad costera al sur de Chile cuenta con un clima agradable, en este poblado fueron testigos de un&nbsp;ins\u00f3lito&nbsp;suceso el d\u00eda 26 de febrero del a\u00f1o 2017, cuando unos polic\u00edas recibieron una llamada, [&hellip;]<\/p>\n","protected":false},"author":1,"featured_media":422,"comment_status":"open","ping_status":"open","sticky":false,"template":"","format":"standard","meta":{"footnotes":""},"categories":[12],"tags":[],"class_list":["post-421","post","type-post","status-publish","format-standard","has-post-thumbnail","hentry","category-sin-categoria"],"_links":{"self":[{"href":"https:\/\/podernacional.com\/index.php?rest_route=\/wp\/v2\/posts\/421","targetHints":{"allow":["GET"]}}],"collection":[{"href":"https:\/\/podernacional.com\/index.php?rest_route=\/wp\/v2\/posts"}],"about":[{"href":"https:\/\/podernacional.com\/index.php?rest_route=\/wp\/v2\/types\/post"}],"author":[{"embeddable":true,"href":"https:\/\/podernacional.com\/index.php?rest_route=\/wp\/v2\/users\/1"}],"replies":[{"embeddable":true,"href":"https:\/\/podernacional.com\/index.php?rest_route=%2Fwp%2Fv2%2Fcomments&post=421"}],"version-history":[{"count":0,"href":"https:\/\/podernacional.com\/index.php?rest_route=\/wp\/v2\/posts\/421\/revisions"}],"wp:featuredmedia":[{"embeddable":true,"href":"https:\/\/podernacional.com\/index.php?rest_route=\/wp\/v2\/media\/422"}],"wp:attachment":[{"href":"https:\/\/podernacional.com\/index.php?rest_route=%2Fwp%2Fv2%2Fmedia&parent=421"}],"wp:term":[{"taxonomy":"category","embeddable":true,"href":"https:\/\/podernacional.com\/index.php?rest_route=%2Fwp%2Fv2%2Fcategories&post=421"},{"taxonomy":"post_tag","embeddable":true,"href":"https:\/\/podernacional.com\/index.php?rest_route=%2Fwp%2Fv2%2Ftags&post=421"}],"curies":[{"name":"wp","href":"https:\/\/api.w.org\/{rel}","templated":true}]}}