{"id":4215,"date":"2021-12-18T14:54:49","date_gmt":"2021-12-18T14:54:49","guid":{"rendered":"https:\/\/whatsappcancun.com\/?p=4215"},"modified":"2021-12-18T14:54:49","modified_gmt":"2021-12-18T14:54:49","slug":"mega-desalojo-de-invasores-en-playas-de-isla-blanca","status":"publish","type":"post","link":"https:\/\/podernacional.com\/?p=4215","title":{"rendered":"Mega desalojo de invasores en playas de Isla Blanca"},"content":{"rendered":"<h4 class=\"jeg_post_subtitle\" style=\"text-align: center;\">Despu\u00e9s de muchos a\u00f1os de operar de manera irregular, fueron retirados los prestadores de servicios que ofrec\u00edan masajes, camastros, restaurante y bar<\/h4>\n<p>En el marco de la estrategia \u201cPlaya Segura\u201d, corporaciones policiacas que integran el Grupo de Coordinaci\u00f3n Estatal para la Construcci\u00f3n de la Paz y Seguridad en Quintana Roo iniciaron el viernes el que constituye el desalojo m\u00e1s grande que se haya hecho en los arenales del Caribe mexicano.<\/p>\n<p>Despu\u00e9s de muchos a\u00f1os de invadir Isla Blanca y operar de manera irregular, fueron retirados los prestadores de servicios que se encontraban en la zona ofreciendo servicios de masajes, camastros, restaurante y bar.<\/p>\n<p>Debido al tama\u00f1o del desalojo se requerir\u00e1n dos d\u00edas de trabajo para concluirlo, que iniciaron este viernes con la participaci\u00f3n de numerosos camiones y trabajadores, encabezados por elementos de la\u00a0Fiscal\u00eda General del Estado (FGE).<\/p>\n<p>Este es el segundo operativo que se realiza esta semana en las playas del corredor Costa Mujeres-Puerto Morelos, luego de que la FGE e integrantes del Grupo de Coordinaci\u00f3n Estatal para la Construcci\u00f3n de la Paz y Seguridad en Quintana Roo, detuvieran a 10 personas en una playa de la Zona Hotelera de Canc\u00fan por su probable participaci\u00f3n en el delito de narcomenudeo, a las cuales se les decomisaron diversos tipos de estupefacientes.<\/p>\n<p>El Grupo de Coordinaci\u00f3n Estatal para la Construcci\u00f3n de la Paz y Seguridad en Quintana Roo est\u00e1 integrada por la Secretar\u00eda Estatal de Seguridad P\u00fablica (SESP), la Secretar\u00eda de la Defensa Nacional (Sedena), Secretar\u00eda de Marina Armada de M\u00e9xico (Semar) y Guardia Nacional, adem\u00e1s de la FGE.<\/p>\n","protected":false},"excerpt":{"rendered":"<p>Despu\u00e9s de muchos a\u00f1os de operar de manera irregular, fueron retirados los prestadores de servicios que ofrec\u00edan masajes, camastros, restaurante y bar En el marco de la estrategia \u201cPlaya Segura\u201d, corporaciones policiacas que integran el Grupo de Coordinaci\u00f3n Estatal para la Construcci\u00f3n de la Paz y Seguridad en Quintana Roo iniciaron el viernes el que [&hellip;]<\/p>\n","protected":false},"author":1,"featured_media":4217,"comment_status":"open","ping_status":"closed","sticky":false,"template":"","format":"standard","meta":{"footnotes":""},"categories":[6,8,10],"tags":[],"class_list":["post-4215","post","type-post","status-publish","format-standard","has-post-thumbnail","hentry","category-local","category-policia","category-quintana-roo"],"_links":{"self":[{"href":"https:\/\/podernacional.com\/index.php?rest_route=\/wp\/v2\/posts\/4215","targetHints":{"allow":["GET"]}}],"collection":[{"href":"https:\/\/podernacional.com\/index.php?rest_route=\/wp\/v2\/posts"}],"about":[{"href":"https:\/\/podernacional.com\/index.php?rest_route=\/wp\/v2\/types\/post"}],"author":[{"embeddable":true,"href":"https:\/\/podernacional.com\/index.php?rest_route=\/wp\/v2\/users\/1"}],"replies":[{"embeddable":true,"href":"https:\/\/podernacional.com\/index.php?rest_route=%2Fwp%2Fv2%2Fcomments&post=4215"}],"version-history":[{"count":0,"href":"https:\/\/podernacional.com\/index.php?rest_route=\/wp\/v2\/posts\/4215\/revisions"}],"wp:featuredmedia":[{"embeddable":true,"href":"https:\/\/podernacional.com\/index.php?rest_route=\/wp\/v2\/media\/4217"}],"wp:attachment":[{"href":"https:\/\/podernacional.com\/index.php?rest_route=%2Fwp%2Fv2%2Fmedia&parent=4215"}],"wp:term":[{"taxonomy":"category","embeddable":true,"href":"https:\/\/podernacional.com\/index.php?rest_route=%2Fwp%2Fv2%2Fcategories&post=4215"},{"taxonomy":"post_tag","embeddable":true,"href":"https:\/\/podernacional.com\/index.php?rest_route=%2Fwp%2Fv2%2Ftags&post=4215"}],"curies":[{"name":"wp","href":"https:\/\/api.w.org\/{rel}","templated":true}]}}