{"id":4254,"date":"2021-12-22T23:31:14","date_gmt":"2021-12-22T23:31:14","guid":{"rendered":"https:\/\/whatsappcancun.com\/?p=4254"},"modified":"2021-12-22T23:31:14","modified_gmt":"2021-12-22T23:31:14","slug":"el-bbva-open-internacional-de-valencia-primer-torneo-del-mundo-neutro-en-carbono","status":"publish","type":"post","link":"https:\/\/podernacional.com\/?p=4254","title":{"rendered":"El BBVA Open Internacional de Valencia, primer torneo del mundo neutro en carbono"},"content":{"rendered":"<div class=\"ue-c-article__bar-secondary ue-u-hide-until-tablet ue-l-article--leftcol-width-from-tablet ue-l-article--float-left-from-tablet-no-margin ue-l-article--move-to-leftcol-from-tablet ue-u-sticky-top-80\"><span class=\"capital-letter\">L<\/span>a Asociaci\u00f3n Espa\u00f1ola de Normalizaci\u00f3n y Certificaci\u00f3n (<strong>AENOR<\/strong>) hizo entrega el pasado viernes 10 de diciembre al torneo\u00a0<strong>BBVA Open Internacional de Valencia<\/strong>\u00a0del certificado de verificaci\u00f3n de huella de carbono.<\/div>\n<div class=\"ue-c-article__body\">\n<p>El torneo, que se celebr\u00f3 del 12 al 19 de septiembre, se posiciona as\u00ed como\u00a0<strong>el primer torneo del mundo neutro en carbono<\/strong>, al identificar y compensar su impacto medioambiental tanto directo como indirecto con la labor desarrollada por\u00a0<strong>Global Omnium<\/strong>\u00a0y\u00a0<strong>Climate Trade<\/strong>.<\/p>\n<p>El patrocinador principal del torneo, el\u00a0<strong>BBVA<\/strong>, fue el impulsor de esta gran iniciativa, que se convirti\u00f3 en uno de los pilares esenciales del proyecto.<\/p>\n<p>En el acto organizado por Global Omnium, han coincidido la directora del BBVA Open Internacional de Valencia,\u00a0<strong>Anabel Medina<\/strong>, el responsable de Aenor, \u00c1ngel Luis\u00a0<strong>S\u00e1nchez\u00a0<\/strong>Cer\u00f3n y el responsable de sostenibilidad de Global Omnium, Juan Luis\u00a0<strong>Pozo<\/strong>.<\/p>\n<p>El BBVA Open Internacional de Valencia es el primer torneo de tenis del mundo en compensar su\u00a0<strong>huella de carbono<\/strong>\u00a0gracias a la puesta en marcha de medidas de sostenibilidad, ahorro energ\u00e9tico, reciclaje y reducci\u00f3n de emisiones<\/p>\n<\/div>\n","protected":false},"excerpt":{"rendered":"<p>La Asociaci\u00f3n Espa\u00f1ola de Normalizaci\u00f3n y Certificaci\u00f3n (AENOR) hizo entrega el pasado viernes 10 de diciembre al torneo\u00a0BBVA Open Internacional de Valencia\u00a0del certificado de verificaci\u00f3n de huella de carbono. El torneo, que se celebr\u00f3 del 12 al 19 de septiembre, se posiciona as\u00ed como\u00a0el primer torneo del mundo neutro en carbono, al identificar y compensar [&hellip;]<\/p>\n","protected":false},"author":1,"featured_media":4256,"comment_status":"open","ping_status":"closed","sticky":false,"template":"","format":"standard","meta":{"footnotes":""},"categories":[4,5],"tags":[],"class_list":["post-4254","post","type-post","status-publish","format-standard","has-post-thumbnail","hentry","category-espectaculos","category-internacional"],"_links":{"self":[{"href":"https:\/\/podernacional.com\/index.php?rest_route=\/wp\/v2\/posts\/4254","targetHints":{"allow":["GET"]}}],"collection":[{"href":"https:\/\/podernacional.com\/index.php?rest_route=\/wp\/v2\/posts"}],"about":[{"href":"https:\/\/podernacional.com\/index.php?rest_route=\/wp\/v2\/types\/post"}],"author":[{"embeddable":true,"href":"https:\/\/podernacional.com\/index.php?rest_route=\/wp\/v2\/users\/1"}],"replies":[{"embeddable":true,"href":"https:\/\/podernacional.com\/index.php?rest_route=%2Fwp%2Fv2%2Fcomments&post=4254"}],"version-history":[{"count":0,"href":"https:\/\/podernacional.com\/index.php?rest_route=\/wp\/v2\/posts\/4254\/revisions"}],"wp:featuredmedia":[{"embeddable":true,"href":"https:\/\/podernacional.com\/index.php?rest_route=\/wp\/v2\/media\/4256"}],"wp:attachment":[{"href":"https:\/\/podernacional.com\/index.php?rest_route=%2Fwp%2Fv2%2Fmedia&parent=4254"}],"wp:term":[{"taxonomy":"category","embeddable":true,"href":"https:\/\/podernacional.com\/index.php?rest_route=%2Fwp%2Fv2%2Fcategories&post=4254"},{"taxonomy":"post_tag","embeddable":true,"href":"https:\/\/podernacional.com\/index.php?rest_route=%2Fwp%2Fv2%2Ftags&post=4254"}],"curies":[{"name":"wp","href":"https:\/\/api.w.org\/{rel}","templated":true}]}}