{"id":4509,"date":"2022-01-21T23:56:01","date_gmt":"2022-01-21T23:56:01","guid":{"rendered":"https:\/\/whatsappcancun.com\/?p=4509"},"modified":"2022-01-21T23:56:01","modified_gmt":"2022-01-21T23:56:01","slug":"renuncia-el-presidente-de-la-universidad-internacional-de-florida-fiu","status":"publish","type":"post","link":"https:\/\/podernacional.com\/?p=4509","title":{"rendered":"Renuncia el presidente de la Universidad Internacional de Florida (FIU)"},"content":{"rendered":"<p>Mark Rosenberg, presidente de la Universidad Internacional de Florida (FIU, en ingl\u00e9s) desde 2009 y fundador de su Centro Latinoamericano y del Caribe, renunci\u00f3 al cargo de forma intempestiva, inform\u00f3 este viernes el centro docente sin detallar los motivos.<\/p>\n<p>En una carta al estudiantado, Dean Colson, presidente del consejo de administraci\u00f3n de FIU, indic\u00f3 que hab\u00eda aceptado la renuncia de Rosenberg, de 72 a\u00f1os, sin referirse a su larga trayectoria ni agradecer sus servicios.<\/p>\n<p>Colson adem\u00e1s cit\u00f3 a una reuni\u00f3n de \u201cemergencia\u201d de la junta para nombrar al reemplazo interino de Rosenberg, seg\u00fan publica el sitio de internet de la universidad.<\/p>\n<p>El presidente de FIU comenz\u00f3 en 1976 como asistente de Ciencias Pol\u00edticas en esa universidad, con sede con en Miami, en 1979 fund\u00f3 el Centro Latinoamericano y del Caribe de FIU y tambi\u00e9n se desempe\u00f1\u00f3 como el quinto rector durante varios a\u00f1os.<\/p>\n<p>Bajo su liderazgo, FIU aument\u00f3 la inscripci\u00f3n a casi 58.000 estudiantes, mejor\u00f3 las tasas de graduaci\u00f3n en un 23 % y contrat\u00f3 a m\u00e1s de 400 nuevos profesores de tiempo completo, seg\u00fan la universidad.<\/p>\n<p>FIU detall\u00f3 que comenzar\u00e1 la b\u00fasqueda nacional para el reemplazo de Rosenberg y que, mientras tanto, asumir\u00e1 de forma interina su puesto Kenneth Jessell, quien es el director financiero y vicepresidente de Finanzas y Administraci\u00f3n.<\/p>\n<p>\u201cSolicito a la Junta de Fideicomisarios que se re\u00fana para aprobar su nominaci\u00f3n, y luego llevar\u00e9 su nominaci\u00f3n a la Junta de Gobernadores para su confirmaci\u00f3n\u201d, se\u00f1al\u00f3 Colson en la carta a los estudiantes.<\/p>\n<p>\u201cS\u00e9 que el Dr. Jessell contar\u00e1 con nuestro apoyo y cooperaci\u00f3n mientras ayuda a dirigir nuestra universidad en los pr\u00f3ximos meses\u201d, agreg\u00f3.<\/p>\n","protected":false},"excerpt":{"rendered":"<p>Mark Rosenberg, presidente de la Universidad Internacional de Florida (FIU, en ingl\u00e9s) desde 2009 y fundador de su Centro Latinoamericano y del Caribe, renunci\u00f3 al cargo de forma intempestiva, inform\u00f3 este viernes el centro docente sin detallar los motivos. En una carta al estudiantado, Dean Colson, presidente del consejo de administraci\u00f3n de FIU, indic\u00f3 que [&hellip;]<\/p>\n","protected":false},"author":1,"featured_media":6712,"comment_status":"open","ping_status":"closed","sticky":false,"template":"","format":"standard","meta":{"footnotes":""},"categories":[4,5],"tags":[],"class_list":["post-4509","post","type-post","status-publish","format-standard","has-post-thumbnail","hentry","category-espectaculos","category-internacional"],"_links":{"self":[{"href":"https:\/\/podernacional.com\/index.php?rest_route=\/wp\/v2\/posts\/4509","targetHints":{"allow":["GET"]}}],"collection":[{"href":"https:\/\/podernacional.com\/index.php?rest_route=\/wp\/v2\/posts"}],"about":[{"href":"https:\/\/podernacional.com\/index.php?rest_route=\/wp\/v2\/types\/post"}],"author":[{"embeddable":true,"href":"https:\/\/podernacional.com\/index.php?rest_route=\/wp\/v2\/users\/1"}],"replies":[{"embeddable":true,"href":"https:\/\/podernacional.com\/index.php?rest_route=%2Fwp%2Fv2%2Fcomments&post=4509"}],"version-history":[{"count":0,"href":"https:\/\/podernacional.com\/index.php?rest_route=\/wp\/v2\/posts\/4509\/revisions"}],"wp:featuredmedia":[{"embeddable":true,"href":"https:\/\/podernacional.com\/index.php?rest_route=\/wp\/v2\/media\/6712"}],"wp:attachment":[{"href":"https:\/\/podernacional.com\/index.php?rest_route=%2Fwp%2Fv2%2Fmedia&parent=4509"}],"wp:term":[{"taxonomy":"category","embeddable":true,"href":"https:\/\/podernacional.com\/index.php?rest_route=%2Fwp%2Fv2%2Fcategories&post=4509"},{"taxonomy":"post_tag","embeddable":true,"href":"https:\/\/podernacional.com\/index.php?rest_route=%2Fwp%2Fv2%2Ftags&post=4509"}],"curies":[{"name":"wp","href":"https:\/\/api.w.org\/{rel}","templated":true}]}}