{"id":4662,"date":"2022-02-04T01:21:17","date_gmt":"2022-02-04T01:21:17","guid":{"rendered":"https:\/\/whatsappcancun.com\/?p=4662"},"modified":"2022-02-04T01:21:17","modified_gmt":"2022-02-04T01:21:17","slug":"mara-lezama-sube-en-preferencias-electorales-sus-competidores-bajan","status":"publish","type":"post","link":"https:\/\/podernacional.com\/?p=4662","title":{"rendered":"MARA LEZAMA sube en preferencias electorales, sus competidores bajan."},"content":{"rendered":"<p>En la nueva encuesta de C&amp;E Research, la sexta que se difunde desde que se conocieron los nombres de los candidatos hace 10 d\u00edas. Mara Lezama obtuvo el 43% de intenci\u00f3n de voto, muy por encima de los dem\u00e1s aspirantes a la gubernatura de Quintana Roo.<\/p>\n<p>@MaraLezama #QuintanaRoo #BenitoJu\u00e1rez #Canc\u00fan #Morena #MaraLezama #4T #M\u00e9xico<\/p>\n","protected":false},"excerpt":{"rendered":"<p>En la nueva encuesta de C&amp;E Research, la sexta que se difunde desde que se conocieron los nombres de los candidatos hace 10 d\u00edas. Mara Lezama obtuvo el 43% de intenci\u00f3n de voto, muy por encima de los dem\u00e1s aspirantes a la gubernatura de Quintana Roo. @MaraLezama #QuintanaRoo #BenitoJu\u00e1rez #Canc\u00fan #Morena #MaraLezama #4T #M\u00e9xico<\/p>\n","protected":false},"author":1,"featured_media":4664,"comment_status":"open","ping_status":"closed","sticky":false,"template":"","format":"standard","meta":{"footnotes":""},"categories":[6,9,10],"tags":[],"class_list":["post-4662","post","type-post","status-publish","format-standard","has-post-thumbnail","hentry","category-local","category-politica","category-quintana-roo"],"_links":{"self":[{"href":"https:\/\/podernacional.com\/index.php?rest_route=\/wp\/v2\/posts\/4662","targetHints":{"allow":["GET"]}}],"collection":[{"href":"https:\/\/podernacional.com\/index.php?rest_route=\/wp\/v2\/posts"}],"about":[{"href":"https:\/\/podernacional.com\/index.php?rest_route=\/wp\/v2\/types\/post"}],"author":[{"embeddable":true,"href":"https:\/\/podernacional.com\/index.php?rest_route=\/wp\/v2\/users\/1"}],"replies":[{"embeddable":true,"href":"https:\/\/podernacional.com\/index.php?rest_route=%2Fwp%2Fv2%2Fcomments&post=4662"}],"version-history":[{"count":0,"href":"https:\/\/podernacional.com\/index.php?rest_route=\/wp\/v2\/posts\/4662\/revisions"}],"wp:featuredmedia":[{"embeddable":true,"href":"https:\/\/podernacional.com\/index.php?rest_route=\/wp\/v2\/media\/4664"}],"wp:attachment":[{"href":"https:\/\/podernacional.com\/index.php?rest_route=%2Fwp%2Fv2%2Fmedia&parent=4662"}],"wp:term":[{"taxonomy":"category","embeddable":true,"href":"https:\/\/podernacional.com\/index.php?rest_route=%2Fwp%2Fv2%2Fcategories&post=4662"},{"taxonomy":"post_tag","embeddable":true,"href":"https:\/\/podernacional.com\/index.php?rest_route=%2Fwp%2Fv2%2Ftags&post=4662"}],"curies":[{"name":"wp","href":"https:\/\/api.w.org\/{rel}","templated":true}]}}