{"id":4751,"date":"2022-02-12T00:41:40","date_gmt":"2022-02-12T00:41:40","guid":{"rendered":"https:\/\/whatsappcancun.com\/?p=4751"},"modified":"2022-02-12T00:41:40","modified_gmt":"2022-02-12T00:41:40","slug":"mas-formula-1-en-mexico-ya-preparan-autodromo-en-la-riviera-maya","status":"publish","type":"post","link":"https:\/\/podernacional.com\/?p=4751","title":{"rendered":"\u00bfM\u00e1s F\u00f3rmula 1 en M\u00e9xico? Ya preparan Aut\u00f3dromo en la Riviera Maya"},"content":{"rendered":"<p>Para nadie es un secreto del intenso fervor que\u00a0<strong>M\u00e9xico<\/strong>\u00a0profesa por la\u00a0<strong>F\u00f3rmula 1<\/strong>, certamen que ha reconocido al pa\u00eds desde que regres\u00f3 a suelo azteca en 2015. Sin embargo, ni todo el furor ha hecho posible asegurar la continuidad del\u00a0<strong>M\u00e1ximo Circuito<\/strong>\u00a0en esta naci\u00f3n.<\/p>\n<p>Esta semana, la\u00a0<strong>F1<\/strong>\u00a0confirm\u00f3 que\u00a0el\u00a0<strong>contrato con el Gran Premio de M\u00e9xico<\/strong>\u00a0vence en 2022, y las pl\u00e1ticas para una renovaci\u00f3n de contrato siguen estancadas, por lo que el futuro de la carrera en el pa\u00eds despu\u00e9s del a\u00f1o entrante es incierto hasta el momento.<\/p>\n<p>Si bien es muy probable que el\u00a0<strong>GP<\/strong>\u00a0azteca siga siendo parte del calendario de la\u00a0<strong>F\u00f3rmula 1<\/strong>, sobre todo despu\u00e9s de que se revel\u00f3 que la carrera dej\u00f3 derrama econ\u00f3mica de m\u00e1s de 14 mil millones de pesos, M\u00e9xico quiere m\u00e1s adrenalina.<\/p>\n<p>Es por ello que, con miras a tener una nueva carrera en\u00a0<strong>M\u00e9xico<\/strong>\u00a0(al m\u00e1s puro estilo de Estados Unidos que tendr\u00e1 una nueva carrera con el Gran Premio de Miami en 202), un grupo de inversores promueve la construcci\u00f3n del\u00a0<strong>Aut\u00f3dromo de la Riviera Maya<\/strong>, un circuito que espera ser considerado por la FIA para albergar una nueva fecha en suelo mexicano.<\/p>\n<h2>\u00bfD\u00f3nde estar\u00e1 ubicado el Aut\u00f3dromo de la Riviera Maya?<\/h2>\n<p>Lo que comenz\u00f3 como un rumor (y una broma para m\u00e1s de uno) no lo es m\u00e1s. El\u00a0<strong>Aut\u00f3dromo de la Riviera Maya ser\u00e1 construido en Canc\u00fan, Quintana Roo<\/strong>.<\/p>\n<p>El circuito formar\u00e1 parte de\u00a0<strong>Puerto Aventuras<\/strong>, uno de los proyectos deportivos y tur\u00edsticos mexicanos m\u00e1s ambiciosos de los \u00faltimos a\u00f1os, situado en el municipio de Solidaridad de dicho estado del sureste mexicano.<\/p>\n","protected":false},"excerpt":{"rendered":"<p>Para nadie es un secreto del intenso fervor que\u00a0M\u00e9xico\u00a0profesa por la\u00a0F\u00f3rmula 1, certamen que ha reconocido al pa\u00eds desde que regres\u00f3 a suelo azteca en 2015. Sin embargo, ni todo el furor ha hecho posible asegurar la continuidad del\u00a0M\u00e1ximo Circuito\u00a0en esta naci\u00f3n. Esta semana, la\u00a0F1\u00a0confirm\u00f3 que\u00a0el\u00a0contrato con el Gran Premio de M\u00e9xico\u00a0vence en 2022, y [&hellip;]<\/p>\n","protected":false},"author":1,"featured_media":4753,"comment_status":"open","ping_status":"closed","sticky":false,"template":"","format":"standard","meta":{"footnotes":""},"categories":[3,6,10],"tags":[],"class_list":["post-4751","post","type-post","status-publish","format-standard","has-post-thumbnail","hentry","category-deportes","category-local","category-quintana-roo"],"_links":{"self":[{"href":"https:\/\/podernacional.com\/index.php?rest_route=\/wp\/v2\/posts\/4751","targetHints":{"allow":["GET"]}}],"collection":[{"href":"https:\/\/podernacional.com\/index.php?rest_route=\/wp\/v2\/posts"}],"about":[{"href":"https:\/\/podernacional.com\/index.php?rest_route=\/wp\/v2\/types\/post"}],"author":[{"embeddable":true,"href":"https:\/\/podernacional.com\/index.php?rest_route=\/wp\/v2\/users\/1"}],"replies":[{"embeddable":true,"href":"https:\/\/podernacional.com\/index.php?rest_route=%2Fwp%2Fv2%2Fcomments&post=4751"}],"version-history":[{"count":0,"href":"https:\/\/podernacional.com\/index.php?rest_route=\/wp\/v2\/posts\/4751\/revisions"}],"wp:featuredmedia":[{"embeddable":true,"href":"https:\/\/podernacional.com\/index.php?rest_route=\/wp\/v2\/media\/4753"}],"wp:attachment":[{"href":"https:\/\/podernacional.com\/index.php?rest_route=%2Fwp%2Fv2%2Fmedia&parent=4751"}],"wp:term":[{"taxonomy":"category","embeddable":true,"href":"https:\/\/podernacional.com\/index.php?rest_route=%2Fwp%2Fv2%2Fcategories&post=4751"},{"taxonomy":"post_tag","embeddable":true,"href":"https:\/\/podernacional.com\/index.php?rest_route=%2Fwp%2Fv2%2Ftags&post=4751"}],"curies":[{"name":"wp","href":"https:\/\/api.w.org\/{rel}","templated":true}]}}