{"id":4972,"date":"2022-02-26T13:17:34","date_gmt":"2022-02-26T18:17:34","guid":{"rendered":"https:\/\/whatsappcancun.com\/?p=4972"},"modified":"2022-02-26T13:17:34","modified_gmt":"2022-02-26T18:17:34","slug":"ucrania-toca-a-la-puerta-de-un-mexico-que-no-esta-preparado","status":"publish","type":"post","link":"https:\/\/podernacional.com\/?p=4972","title":{"rendered":"Ucrania toca a la puerta de un M\u00e9xico que no est\u00e1 preparado"},"content":{"rendered":"<h4 class=\"a_st\" style=\"text-align: center;\">La invasi\u00f3n rusa trastocar\u00e1 las finanzas p\u00fablicas, la inflaci\u00f3n y la producci\u00f3n agr\u00edcola de la econom\u00eda mexicana. Sin reformas fiscales y de competencia, el pa\u00eds est\u00e1 desprevenido para ello<\/h4>\n<p>M\u00e9xico est\u00e1 preparado para enfrentar los efectos econ\u00f3micos derivados de la\u00a0operaci\u00f3n militar de Rusia en Ucrania, afirm\u00f3 el presidente Andr\u00e9s Manuel L\u00f3pez Obrador.<\/p>\n<p>\u201cEstamos nosotros, desde hace alg\u00fan tiempo, preparados para que, si nos aumenta mucho el precio del gas de importaci\u00f3n, podamos echar a andar todas las plantas de generaci\u00f3n de energ\u00eda el\u00e9ctrica que no requieren\u00a0<strong>gas<\/strong>\u2019\u2019.<\/p>\n<p>Inform\u00f3 que para evitar el aumento en los costos de la\u00a0<strong>energ\u00eda el\u00e9ctrica<\/strong>, hay un plan para actuar.<\/p>\n<p>\u201cPor ejemplo, producir m\u00e1s energ\u00eda el\u00e9ctrica con agua. Vamos a echar a andar a toda su capacidad las\u00a0<strong>hidroel\u00e9ctricas<\/strong>\u00a0y otras medidas que estamos ya tomando. Estamos preparados para que no haya apagones, que no falte la luz y que no aumente el precio.<\/p>\n<p>\u201cEn el caso de las gasolinas, igual. Hay un subsidio, para decirlo con claridad, de modo que aunque aumente el precio de la\u00a0<strong>gasolina<\/strong>\u00a0de importaci\u00f3n, porque aumenta el precio del petr\u00f3leo crudo, que esto no se traslade a los consumidores.<\/p>\n<p>\u201cQue mantengamos el\u00a0precio de las gasolinas, est\u00e1 acordado, que no aumente el precio por encima de la inflaci\u00f3n. Entonces, estamos preparados con ese prop\u00f3sito y vamos a estar pendientes.<\/p>\n<p>Destac\u00f3 que durante su gobierno no ha habido devaluaci\u00f3n, lo que calific\u00f3 de \u201checho hist\u00f3rico. Entonces, ahora puede estar subiendo (el\u00a0<strong>precio del d\u00f3lar<\/strong>) por esta situaci\u00f3n, pero tenemos margen y esperemos que pronto se normalice la situaci\u00f3n en Ucrania; que haya di\u00e1logo y se resuelva esto\u2019\u2019.<\/p>\n<p>Durante la conferencia de prensa que ofreci\u00f3 esta ma\u00f1ana en Palacio Nacional, afirm\u00f3 que su posici\u00f3n es contraria a la guerra en cualquier parte del mundo.<\/p>\n<p>\u201cNo queremos la\u00a0<strong>guerra<\/strong>\u00a0en ning\u00fan lado, en ninguna parte; no queremos que la gente sufra, no queremos que la poblaci\u00f3n civil sea afectada. No queremos la confrontaci\u00f3n b\u00e9lica, esa es nuestra postura\u2019\u2019.<\/p>\n<h2>Llaman a la no violencia<\/h2>\n<p>El presidente de la Junta de Coordinaci\u00f3n Pol\u00edtica de la C\u00e1mara de Senadores, Ricardo Monreal \u00c1vila, convoc\u00f3 a evitar la violencia tras el inicio de las operaciones militares en Ucrania por parte de Rusia.<\/p>\n<p>\u201cDesde el Senado mexicano hacemos un llamado urgente para buscar una salida sin violencia al conflicto y el restablecimiento de los Acuerdos de Minsk. Las poblaciones hermanas (en Rusia viven millones de personas ucranianas) no se merecen nuevos derramamientos de sangre\u2019\u2019, poste\u00f3 en Twitter.<\/p>\n<p>\u201cPor semanas, el mundo ha observado con ansiedad el despliegue de tropas rusas a lo largo de las fronteras con Ucrania. Hoy, las ciudades y aeropuertos de ese pa\u00eds est\u00e1n siendo atacados por aire y tierra\u2019\u2019, cita su mensaje de esta ma\u00f1ana a trav\u00e9s de la red social.<\/p>\n<p>Alcanzado entre Rusia y Ucrania en 2014, el objetivo del llamado Protocolo de Minsk fue poner fin al conflicto entre separatistas prorrusos y combatientes ucranianos que estall\u00f3 aquel a\u00f1o en el este de Ucrania.<\/p>\n","protected":false},"excerpt":{"rendered":"<p>La invasi\u00f3n rusa trastocar\u00e1 las finanzas p\u00fablicas, la inflaci\u00f3n y la producci\u00f3n agr\u00edcola de la econom\u00eda mexicana. Sin reformas fiscales y de competencia, el pa\u00eds est\u00e1 desprevenido para ello M\u00e9xico est\u00e1 preparado para enfrentar los efectos econ\u00f3micos derivados de la\u00a0operaci\u00f3n militar de Rusia en Ucrania, afirm\u00f3 el presidente Andr\u00e9s Manuel L\u00f3pez Obrador. \u201cEstamos nosotros, desde [&hellip;]<\/p>\n","protected":false},"author":1,"featured_media":4974,"comment_status":"open","ping_status":"closed","sticky":false,"template":"","format":"standard","meta":{"footnotes":""},"categories":[5,7,9],"tags":[],"class_list":["post-4972","post","type-post","status-publish","format-standard","has-post-thumbnail","hentry","category-internacional","category-nacional","category-politica"],"_links":{"self":[{"href":"https:\/\/podernacional.com\/index.php?rest_route=\/wp\/v2\/posts\/4972","targetHints":{"allow":["GET"]}}],"collection":[{"href":"https:\/\/podernacional.com\/index.php?rest_route=\/wp\/v2\/posts"}],"about":[{"href":"https:\/\/podernacional.com\/index.php?rest_route=\/wp\/v2\/types\/post"}],"author":[{"embeddable":true,"href":"https:\/\/podernacional.com\/index.php?rest_route=\/wp\/v2\/users\/1"}],"replies":[{"embeddable":true,"href":"https:\/\/podernacional.com\/index.php?rest_route=%2Fwp%2Fv2%2Fcomments&post=4972"}],"version-history":[{"count":0,"href":"https:\/\/podernacional.com\/index.php?rest_route=\/wp\/v2\/posts\/4972\/revisions"}],"wp:featuredmedia":[{"embeddable":true,"href":"https:\/\/podernacional.com\/index.php?rest_route=\/wp\/v2\/media\/4974"}],"wp:attachment":[{"href":"https:\/\/podernacional.com\/index.php?rest_route=%2Fwp%2Fv2%2Fmedia&parent=4972"}],"wp:term":[{"taxonomy":"category","embeddable":true,"href":"https:\/\/podernacional.com\/index.php?rest_route=%2Fwp%2Fv2%2Fcategories&post=4972"},{"taxonomy":"post_tag","embeddable":true,"href":"https:\/\/podernacional.com\/index.php?rest_route=%2Fwp%2Fv2%2Ftags&post=4972"}],"curies":[{"name":"wp","href":"https:\/\/api.w.org\/{rel}","templated":true}]}}