{"id":5025,"date":"2022-03-01T23:32:32","date_gmt":"2022-03-02T04:32:32","guid":{"rendered":"https:\/\/whatsappcancun.com\/?p=5025"},"modified":"2022-03-01T23:32:32","modified_gmt":"2022-03-02T04:32:32","slug":"jose-luis-pech-solicita-licencia-al-senado-busca-gubernatura-de-quintana-roo","status":"publish","type":"post","link":"https:\/\/podernacional.com\/?p=5025","title":{"rendered":"Jos\u00e9 Luis Pech solicita licencia al Senado; busca gubernatura de Quintana Roo"},"content":{"rendered":"<h4 class=\"h2\" style=\"text-align: center;\">El senador renunci\u00f3 el pasado 21 de febrero a su militancia en Morena y acus\u00f3 que ese partido ha entregado todas las decisiones en Quintana Roo al PVEM<\/h4>\n<p><a href=\"https:\/\/www.eluniversal.com.mx\/nacion\/jose-luis-pech-renunciara-morena-tras-aceptar-candidatura-de-mc-critica-intromision-de-pvem\" target=\"_blank\" rel=\"noopener\"><strong>Jos\u00e9 Luis Pech\u00a0<\/strong><\/a>solicit\u00f3 este martes<strong>\u00a0licencia<\/strong>\u00a0para separarse de su esca\u00f1o por tiempo indefinido, luego de que fue nombrado\u00a0<strong>candidato al gobierno de Quintana Roo<\/strong>\u00a0por el partido\u00a0<strong>Movimiento Ciudadano.<\/strong><\/p>\n<p>En un oficio publicado en la Gaceta Parlamentaria agradeci\u00f3 el apoyo de la Mesa Directiva del Senado y de las diversas comisiones en las que particip\u00f3, as\u00ed como destac\u00f3 que buscar\u00e1 ser gobernador de\u00a0<strong>Quintana Roo<\/strong>\u00a0para revertir el hartazgo de la ciudadan\u00eda por los malos gobiernos en esa entidad.<\/p>\n<p><strong>Jos\u00e9 Luis Pech<\/strong>, renunci\u00f3 el pasado 21 de febrero a su militancia en Morena y acus\u00f3 que ese partido ha entregado todas las decisiones en Quintana Roo al PVEM.<\/p>\n","protected":false},"excerpt":{"rendered":"<p>El senador renunci\u00f3 el pasado 21 de febrero a su militancia en Morena y acus\u00f3 que ese partido ha entregado todas las decisiones en Quintana Roo al PVEM Jos\u00e9 Luis Pech\u00a0solicit\u00f3 este martes\u00a0licencia\u00a0para separarse de su esca\u00f1o por tiempo indefinido, luego de que fue nombrado\u00a0candidato al gobierno de Quintana Roo\u00a0por el partido\u00a0Movimiento Ciudadano. En un [&hellip;]<\/p>\n","protected":false},"author":1,"featured_media":5027,"comment_status":"open","ping_status":"closed","sticky":false,"template":"","format":"standard","meta":{"footnotes":""},"categories":[6,9,10],"tags":[],"class_list":["post-5025","post","type-post","status-publish","format-standard","has-post-thumbnail","hentry","category-local","category-politica","category-quintana-roo"],"_links":{"self":[{"href":"https:\/\/podernacional.com\/index.php?rest_route=\/wp\/v2\/posts\/5025","targetHints":{"allow":["GET"]}}],"collection":[{"href":"https:\/\/podernacional.com\/index.php?rest_route=\/wp\/v2\/posts"}],"about":[{"href":"https:\/\/podernacional.com\/index.php?rest_route=\/wp\/v2\/types\/post"}],"author":[{"embeddable":true,"href":"https:\/\/podernacional.com\/index.php?rest_route=\/wp\/v2\/users\/1"}],"replies":[{"embeddable":true,"href":"https:\/\/podernacional.com\/index.php?rest_route=%2Fwp%2Fv2%2Fcomments&post=5025"}],"version-history":[{"count":0,"href":"https:\/\/podernacional.com\/index.php?rest_route=\/wp\/v2\/posts\/5025\/revisions"}],"wp:featuredmedia":[{"embeddable":true,"href":"https:\/\/podernacional.com\/index.php?rest_route=\/wp\/v2\/media\/5027"}],"wp:attachment":[{"href":"https:\/\/podernacional.com\/index.php?rest_route=%2Fwp%2Fv2%2Fmedia&parent=5025"}],"wp:term":[{"taxonomy":"category","embeddable":true,"href":"https:\/\/podernacional.com\/index.php?rest_route=%2Fwp%2Fv2%2Fcategories&post=5025"},{"taxonomy":"post_tag","embeddable":true,"href":"https:\/\/podernacional.com\/index.php?rest_route=%2Fwp%2Fv2%2Ftags&post=5025"}],"curies":[{"name":"wp","href":"https:\/\/api.w.org\/{rel}","templated":true}]}}