{"id":5108,"date":"2022-03-05T18:45:19","date_gmt":"2022-03-05T23:45:19","guid":{"rendered":"https:\/\/whatsappcancun.com\/?p=5108"},"modified":"2022-03-05T18:45:19","modified_gmt":"2022-03-05T23:45:19","slug":"se-cierra-brecha-entre-morena-y-pan-en-quintana-roo-y-tamaulipas","status":"publish","type":"post","link":"https:\/\/podernacional.com\/?p=5108","title":{"rendered":"Se cierra brecha entre Morena y PAN en Quintana Roo y Tamaulipas"},"content":{"rendered":"<p>Ante la definici\u00f3n de candidaturas que contendr\u00e1n por la gubernatura, se ha cerrado la brecha entre los posibles candidatos de Morena y PAN en dos de los seis estados que tendr\u00e1n elecciones para elegir al titular del poder ejecutivo estatal en este 2022.<\/p>\n<p>De acuerdo con un estudio de LaEncuesta.mx realizado entre el 25 y el 28 de febrero del presente a\u00f1o, en los Estados de Quintana Roo y Tamaulipas se ha cerrado la distancia entre los posibles candidatos de las coaliciones que lideran esos dos partidos, a diferencia de estados como Hidalgo o Oaxaca donde Morena sostiene una s\u00f3lida ventaja<\/p>\n<p>De acuerdo al estudio publicado el d\u00eda de hoy, en el estado de Quintana Roo la diferencia entre las candidatas que se perfilan a aparecer en la boleta es de 12 puntos porcentuales de la intenci\u00f3n de voto. La candidata Mara Lezama de la alianza formada por Morena, PT y Partido Verde cuenta con 42.9 por ciento de la intenci\u00f3n de voto, mientras que Laura Fern\u00e1ndez de la Alianza PAN y PRD cuenta con 30.5 por ciento de las preferencias.<\/p>\n<p>En el caso de Tamaulipas, el abanderado de la alianza Morena-PT-PVEM, Am\u00e9rico Villareal cuenta con una intenci\u00f3n de voto a favor del 36.9 por ciento de los encuestados mientras que a tan solo 9 puntos, con 27.9 por ciento de las preferencias de los electores se encuentra C\u00e9sar Ver\u00e1stegui de la alianza formada por PAN, PRI y PRD.<\/p>\n<p>Ambas entidades se perfilan a ser de las m\u00e1s competidas en la pr\u00f3xima elecci\u00f3n. Cabe recordar que hace algunos meses pr\u00e1cticamente se ve\u00eda imposible que alg\u00fan otro partido pudiera ganarle a los abanderados de Morena en esos estados.<\/p>\n","protected":false},"excerpt":{"rendered":"<p>Ante la definici\u00f3n de candidaturas que contendr\u00e1n por la gubernatura, se ha cerrado la brecha entre los posibles candidatos de Morena y PAN en dos de los seis estados que tendr\u00e1n elecciones para elegir al titular del poder ejecutivo estatal en este 2022. De acuerdo con un estudio de LaEncuesta.mx realizado entre el 25 y [&hellip;]<\/p>\n","protected":false},"author":1,"featured_media":5110,"comment_status":"open","ping_status":"closed","sticky":false,"template":"","format":"standard","meta":{"footnotes":""},"categories":[6,9,10],"tags":[],"class_list":["post-5108","post","type-post","status-publish","format-standard","has-post-thumbnail","hentry","category-local","category-politica","category-quintana-roo"],"_links":{"self":[{"href":"https:\/\/podernacional.com\/index.php?rest_route=\/wp\/v2\/posts\/5108","targetHints":{"allow":["GET"]}}],"collection":[{"href":"https:\/\/podernacional.com\/index.php?rest_route=\/wp\/v2\/posts"}],"about":[{"href":"https:\/\/podernacional.com\/index.php?rest_route=\/wp\/v2\/types\/post"}],"author":[{"embeddable":true,"href":"https:\/\/podernacional.com\/index.php?rest_route=\/wp\/v2\/users\/1"}],"replies":[{"embeddable":true,"href":"https:\/\/podernacional.com\/index.php?rest_route=%2Fwp%2Fv2%2Fcomments&post=5108"}],"version-history":[{"count":0,"href":"https:\/\/podernacional.com\/index.php?rest_route=\/wp\/v2\/posts\/5108\/revisions"}],"wp:featuredmedia":[{"embeddable":true,"href":"https:\/\/podernacional.com\/index.php?rest_route=\/wp\/v2\/media\/5110"}],"wp:attachment":[{"href":"https:\/\/podernacional.com\/index.php?rest_route=%2Fwp%2Fv2%2Fmedia&parent=5108"}],"wp:term":[{"taxonomy":"category","embeddable":true,"href":"https:\/\/podernacional.com\/index.php?rest_route=%2Fwp%2Fv2%2Fcategories&post=5108"},{"taxonomy":"post_tag","embeddable":true,"href":"https:\/\/podernacional.com\/index.php?rest_route=%2Fwp%2Fv2%2Ftags&post=5108"}],"curies":[{"name":"wp","href":"https:\/\/api.w.org\/{rel}","templated":true}]}}