{"id":5167,"date":"2022-03-10T16:44:04","date_gmt":"2022-03-10T21:44:04","guid":{"rendered":"https:\/\/whatsappcancun.com\/?p=5167"},"modified":"2022-03-10T16:44:04","modified_gmt":"2022-03-10T21:44:04","slug":"volaris-extiende-sus-alas-en-peru-abre-rutas-desde-mexico","status":"publish","type":"post","link":"https:\/\/podernacional.com\/?p=5167","title":{"rendered":"Volaris extiende sus alas en Per\u00fa; abre rutas desde M\u00e9xico"},"content":{"rendered":"<h4 style=\"text-align: center;\"><span class=\"f4_article-info__excerpt entry-summary\">El n\u00famero de turistas de M\u00e9xico a Per\u00fa se duplic\u00f3 a finales de 2019, cada uno con un gasto promedio de 1,100 d\u00f3lares.<\/span><\/h4>\n<p>La aerol\u00ednea Volaris incrementar\u00e1 su presencia en Per\u00fa, con la incorporaci\u00f3n de dos vuelos que conectar\u00e1n Lima con la Ciudad de M\u00e9xico y Canc\u00fan, los cuales se suman al de Costa Rica anunciado recientemente.<\/p>\n<div id=\"skin_jw\" class=\"articlematching-container\">\n<p>De acuerdo con el vicepresidente de Volaris, Holger Blankenstein, los mexicanos encuentran en este pa\u00eds la oportunidad de experimentar un viaje multicultural, gastron\u00f3mico, de aventura y misticismo por sus reservas naturales y patrimonios de la humanidad.<\/p>\n<div class=\"pinno-ad-serving pinno-ad-center\" data-post-id=\"1958081\">\n<div id=\"div-gpt-ad-f-default-in-box-1958081\" data-google-query-id=\"CLr-xL3BvPYCFdfP4wcd8B4MXg\">\n<p>Datos de la Comisi\u00f3n de Promoci\u00f3n del Per\u00fa para la Exportaci\u00f3n y el Turismo (PromPer\u00fa) muestran que el n\u00famero de turistas provenientes de M\u00e9xico se duplic\u00f3 a finales de 2019, al pasar de 12% a 24%, con un gasto promedio de 1,100 d\u00f3lares.<\/p>\n<p>\u201cCon estas se\u00f1ales de recuperaci\u00f3n, este a\u00f1o, sumar Per\u00fa a nuestra red fue uno de los principales objetivos en la estrategia de expansi\u00f3n, adem\u00e1s de unirnos el lenguaje y una composici\u00f3n demogr\u00e1fica similar\u201d, afirm\u00f3 Blankenstein.<\/p>\n<p class=\"_114528\">La compa\u00f1\u00eda destac\u00f3 que la ruta Ciudad de M\u00e9xico-Lima est\u00e1 pensada para ampliar la oferta de viajes de placer, as\u00ed como incentivar el intercambio comercial y de negocios al unir dos capitales; mientras que el de Canc\u00fan atender\u00e1 principalmente el mercado de turismo recreativo.<\/p>\n<p>El pasado 7 de marzo, Volaris anunci\u00f3 un vuelo entre San Jos\u00e9, Costa Rica, y Lima, lo que represent\u00f3 su entrada a este mercado sudamericano, el cual empezar\u00eda a operar en junio de este a\u00f1o.<\/p>\n<p>\u201cEn junio vamos a realizar nuestro vuelo inaugural y tenemos mucha expectativa por iniciar operaciones en el Per\u00fa. Para asegurar nuestras pr\u00f3ximas rutas necesitamos nos asignen horarios y puertas de embarque en el Aeropuerto Internacional Jorge Ch\u00e1vez\u201d, manifest\u00f3 en su momento Ronny Rodr\u00edguez, director de Relaciones Interinstitucionales de la aerol\u00ednea Volaris.<\/p>\n<\/div>\n<\/div>\n<\/div>\n","protected":false},"excerpt":{"rendered":"<p>El n\u00famero de turistas de M\u00e9xico a Per\u00fa se duplic\u00f3 a finales de 2019, cada uno con un gasto promedio de 1,100 d\u00f3lares. La aerol\u00ednea Volaris incrementar\u00e1 su presencia en Per\u00fa, con la incorporaci\u00f3n de dos vuelos que conectar\u00e1n Lima con la Ciudad de M\u00e9xico y Canc\u00fan, los cuales se suman al de Costa Rica [&hellip;]<\/p>\n","protected":false},"author":1,"featured_media":5169,"comment_status":"open","ping_status":"closed","sticky":false,"template":"","format":"standard","meta":{"footnotes":""},"categories":[5,7],"tags":[],"class_list":["post-5167","post","type-post","status-publish","format-standard","has-post-thumbnail","hentry","category-internacional","category-nacional"],"_links":{"self":[{"href":"https:\/\/podernacional.com\/index.php?rest_route=\/wp\/v2\/posts\/5167","targetHints":{"allow":["GET"]}}],"collection":[{"href":"https:\/\/podernacional.com\/index.php?rest_route=\/wp\/v2\/posts"}],"about":[{"href":"https:\/\/podernacional.com\/index.php?rest_route=\/wp\/v2\/types\/post"}],"author":[{"embeddable":true,"href":"https:\/\/podernacional.com\/index.php?rest_route=\/wp\/v2\/users\/1"}],"replies":[{"embeddable":true,"href":"https:\/\/podernacional.com\/index.php?rest_route=%2Fwp%2Fv2%2Fcomments&post=5167"}],"version-history":[{"count":0,"href":"https:\/\/podernacional.com\/index.php?rest_route=\/wp\/v2\/posts\/5167\/revisions"}],"wp:featuredmedia":[{"embeddable":true,"href":"https:\/\/podernacional.com\/index.php?rest_route=\/wp\/v2\/media\/5169"}],"wp:attachment":[{"href":"https:\/\/podernacional.com\/index.php?rest_route=%2Fwp%2Fv2%2Fmedia&parent=5167"}],"wp:term":[{"taxonomy":"category","embeddable":true,"href":"https:\/\/podernacional.com\/index.php?rest_route=%2Fwp%2Fv2%2Fcategories&post=5167"},{"taxonomy":"post_tag","embeddable":true,"href":"https:\/\/podernacional.com\/index.php?rest_route=%2Fwp%2Fv2%2Ftags&post=5167"}],"curies":[{"name":"wp","href":"https:\/\/api.w.org\/{rel}","templated":true}]}}