{"id":5301,"date":"2022-03-19T22:06:23","date_gmt":"2022-03-20T03:06:23","guid":{"rendered":"https:\/\/whatsappcancun.com\/?p=5301"},"modified":"2022-03-19T22:06:23","modified_gmt":"2022-03-20T03:06:23","slug":"covid-19-en-mexico-reportan-4114-contagios-y-141-muertes-en-un-dia","status":"publish","type":"post","link":"https:\/\/podernacional.com\/?p=5301","title":{"rendered":"COVID-19 en M\u00e9xico: Reportan 4,114 contagios y 141 muertes en un d\u00eda"},"content":{"rendered":"<div class=\"row\">\n<div class=\"col-sm-xl-12 layout-section wrap-bottom\">\n<h4 class=\"primary-font__PrimaryFontStyles-o56yd5-0 fOYBRX h4-primary sub-headline\" style=\"text-align: center;\">El pa\u00eds suma 5 millones 633 mil 928 casos positivos y 322 mil 72 muertes por coronavirus.<\/h4>\n<p class=\"default__StyledText-xb1qmn-0 kYamVn body-paragraph\">M\u00e9xico registr\u00f3\u00a04 mil 114 contagios y\u00a0141\u00a0defunciones\u00a0por coronavirus en\u00a0<b>las \u00faltimas 24 horas.\u00a0\u00a0<\/b><\/p>\n<p class=\"default__StyledText-xb1qmn-0 kYamVn body-paragraph\">De acuerdo con el reporte t\u00e9cnico de la\u00a0<b>Secretar\u00eda de Salud<\/b>, al corte de este\u00a0s\u00e1bado 19 de marzo,\u00a0el pa\u00eds acumul\u00f3 5 millones 633 mil 928 casos positivos y 322 mil 072\u00a0muertes por esta enfermedad.<\/p>\n<p class=\"default__StyledText-xb1qmn-0 kYamVn body-paragraph\">Adem\u00e1s, se detectaron\u00a015 mil 165 casos\u00a0activos\u00a0de\u00a0<b>COVID-19\u00a0en el pa\u00eds<\/b>, donde\u00a0Baja California Sur, Ciudad de M\u00e9xico,\u00a0Colima, Aguascalientes, Tlaxcala, Nayarit, Quer\u00e9taro, Sinaloa, Puebla y Campeche son las entidades con mayor n\u00famero de ellos.<\/p>\n<article class=\"container-fluid inline-promo border border_solid border_top color_black_1\">\n<div class=\"inline-promo-wrapper inline-promo-image\">\n<p class=\"default__StyledText-xb1qmn-0 kYamVn body-paragraph\">En las \u00faltimas cinco semanas, la mayor parte de los casos est\u00e1n presentes en los\u00a0<b>grupos de\u00a018 a 29 a\u00f1os<\/b>, seguido del grupo de 30 a 39 a\u00f1os y 40 a 49 a\u00f1os.<\/p>\n<p class=\"default__StyledText-xb1qmn-0 kYamVn body-paragraph\">Las 10 primeras entidades que suman el mayor n\u00famero de casos acumulados son:\u00a0Ciudad de M\u00e9xico, Estado de M\u00e9xico,\u00a0Nuevo Le\u00f3n, Guanajuato, Jalisco, Tabasco, San Luis Potos\u00ed, Veracruz, Puebla y Sonora.<\/p>\n<\/div>\n<\/article>\n<div class=\"default__StyledDiv-cj38t1-0 eABJKM share-bar\"><\/div>\n<\/div>\n<\/div>\n<div class=\"row\">\n<div class=\"col-sm-md-12 col-lg-xl-8 left-article-section ie-flex-100-percent-sm layout-section\"><\/div>\n<\/div>\n","protected":false},"excerpt":{"rendered":"<p>El pa\u00eds suma 5 millones 633 mil 928 casos positivos y 322 mil 72 muertes por coronavirus. M\u00e9xico registr\u00f3\u00a04 mil 114 contagios y\u00a0141\u00a0defunciones\u00a0por coronavirus en\u00a0las \u00faltimas 24 horas.\u00a0\u00a0 De acuerdo con el reporte t\u00e9cnico de la\u00a0Secretar\u00eda de Salud, al corte de este\u00a0s\u00e1bado 19 de marzo,\u00a0el pa\u00eds acumul\u00f3 5 millones 633 mil 928 casos positivos y [&hellip;]<\/p>\n","protected":false},"author":1,"featured_media":5303,"comment_status":"open","ping_status":"closed","sticky":false,"template":"","format":"standard","meta":{"footnotes":""},"categories":[7,11],"tags":[],"class_list":["post-5301","post","type-post","status-publish","format-standard","has-post-thumbnail","hentry","category-nacional","category-salud"],"_links":{"self":[{"href":"https:\/\/podernacional.com\/index.php?rest_route=\/wp\/v2\/posts\/5301","targetHints":{"allow":["GET"]}}],"collection":[{"href":"https:\/\/podernacional.com\/index.php?rest_route=\/wp\/v2\/posts"}],"about":[{"href":"https:\/\/podernacional.com\/index.php?rest_route=\/wp\/v2\/types\/post"}],"author":[{"embeddable":true,"href":"https:\/\/podernacional.com\/index.php?rest_route=\/wp\/v2\/users\/1"}],"replies":[{"embeddable":true,"href":"https:\/\/podernacional.com\/index.php?rest_route=%2Fwp%2Fv2%2Fcomments&post=5301"}],"version-history":[{"count":0,"href":"https:\/\/podernacional.com\/index.php?rest_route=\/wp\/v2\/posts\/5301\/revisions"}],"wp:featuredmedia":[{"embeddable":true,"href":"https:\/\/podernacional.com\/index.php?rest_route=\/wp\/v2\/media\/5303"}],"wp:attachment":[{"href":"https:\/\/podernacional.com\/index.php?rest_route=%2Fwp%2Fv2%2Fmedia&parent=5301"}],"wp:term":[{"taxonomy":"category","embeddable":true,"href":"https:\/\/podernacional.com\/index.php?rest_route=%2Fwp%2Fv2%2Fcategories&post=5301"},{"taxonomy":"post_tag","embeddable":true,"href":"https:\/\/podernacional.com\/index.php?rest_route=%2Fwp%2Fv2%2Ftags&post=5301"}],"curies":[{"name":"wp","href":"https:\/\/api.w.org\/{rel}","templated":true}]}}