{"id":532,"date":"2020-07-04T19:14:35","date_gmt":"2020-07-04T19:14:35","guid":{"rendered":"http:\/\/whatsappcancun.com\/?p=532"},"modified":"2020-07-04T19:14:35","modified_gmt":"2020-07-04T19:14:35","slug":"insolito-john-mooner-el-hombre-que-vivio-una-abduccion-extraterrestre","status":"publish","type":"post","link":"https:\/\/podernacional.com\/?p=532","title":{"rendered":"INS\u00d3LITO: John Mooner, el hombre que vivi\u00f3 una abducci\u00f3n extraterrestre"},"content":{"rendered":"\n<p><strong>John<\/strong>\u00a0<strong>Mooner\u00a0<\/strong>es un uf\u00f3logo brit\u00e1nico que confes\u00f3 haber vivido una\u00a0<strong>abducci\u00f3n extraterrestre<\/strong>: \u00abGoogle Earth capt\u00f3 mi\u00a0<strong>ins\u00f3lito\u00a0<\/strong>secuestro\u00bb.<\/p>\n\n\n\n<p>La vida en otros planetas es esa inc\u00f3gnita que no terminamos de resolver. Hay quien cree en ella, a quien le parece una aut\u00e9ntica locura y hay quien, directamente, se dedica a investigar sobre alien\u00edgenas y uno que otro&nbsp;<strong>ins\u00f3lito&nbsp;<\/strong>fen\u00f3meno&nbsp;paranormal&nbsp;de la galaxia, ellos son los uf\u00f3logos.<\/p>\n\n\n\n<p>Esas personas que vigilan los cielos e, incluso, llegan a afirmar que estos seres del espacio est\u00e1n entre nosotros. Son muchas las preguntas que suscita el universo, pero hay un hombre que ha vivido en carne propia una&nbsp;<strong>abducci\u00f3n extraterrestre<\/strong>, su nombre es&nbsp;<strong>John Mooner<\/strong>.<\/p>\n\n\n\n<p>Actualmente es el investigador jefe de World Ufo Photos, una web que recibe fotos misteriosas de todo el mundo para investigarlas, y tambi\u00e9n trabaja para la Sociedad Brit\u00e1nica de Misterios Terr\u00e9stres y A\u00e9reos (BEAMS, por sus siglas en ingl\u00e9s). Pero como toda historia, la de Mooner tambi\u00e9n tiene un comienzo.<\/p>\n\n\n\n<figure class=\"wp-block-image\"><img decoding=\"async\" src=\"https:\/\/laverdadnoticias.com\/export\/sites\/laverdad\/img\/2020\/07\/03\/extraterrestres_abduccion_insolito.jpg_231334169.jpg\" alt=\"John Mooner, el hombre que fue abducido por los extraterrestres\" title=\"John Mooner, el hombre que fue abducido por los extraterrestres\"\/><figcaption>John Mooner, el hombre que fue abducido por los extraterrestres<\/figcaption><\/figure>\n\n\n\n<p>Newton Abott, Devon, Inglaterra. Corr\u00eda el a\u00f1o 1993 y Mooner paseaba por las calles del pueblo brit\u00e1nico a plena luz del d\u00eda. Lo que no esperaba era que, de pronto, se plantara frente a \u00e9l una criatura con alas y unos enormes ojos rojos. Mooner asegura que todav\u00eda se estremece cuando lo recuerda.<\/p>\n\n\n\n<p>Era Mothman, el hombre polilla. Este ser lanz\u00f3 una enorme sombra negra sobre Mooner y desapareci\u00f3 en la distancia, sobrevolando la ciudad. Seg\u00fan cuenta el brit\u00e1nico, se qued\u00f3 en estado de shock, temblando y paralizado por el miedo. No fue capaz de reaccionar. Desde entonces, su vida cambiar\u00eda por completo.<\/p>\n\n\n\n<figure class=\"wp-block-image\"><img decoding=\"async\" src=\"https:\/\/laverdadnoticias.com\/export\/sites\/laverdad\/img\/2020\/07\/03\/insolito_abduccion_extraterrestre_ovni.jpg_1030179834.jpg\" alt=\"John Mooner, el hombre que fue abducido por los extraterrestres\" title=\"John Mooner, el hombre que fue abducido por los extraterrestres\"\/><figcaption>John Mooner, el hombre que fue abducido por los extraterrestres<\/figcaption><\/figure>\n\n\n\n<h2 class=\"wp-block-heading\">El hombre fue abducido por extraterrestres<\/h2>\n\n\n\n<p>John Mooner comenz\u00f3 a llevar su rutina diaria de forma completamente diferente a los dem\u00e1s. \u00abExperimentaba fen\u00f3menos paranormales casi a diario\u00bb, recuerda. Dice haber visto m\u00e1s ovnis de los que puede recordar. Cuenta Mooner que existen m\u00e1s especies de&nbsp;<a href=\"https:\/\/laverdadnoticias.com\/insolito\/INSOLITO-Crean-gorros-de-aluminio-para-proteger-a-gatos-de-los-extraterrestres-20200229-0210.html\" target=\"_blank\" rel=\"noreferrer noopener\">extraterrestres<\/a>&nbsp;de las que podemos imaginar.<\/p>\n\n\n\n<p>Diferentes rasgos f\u00edsicos, diferente apariencias&#8230; \u00abAlgunos son como insectos, otros se parecen a los grises cl\u00e1sicos de las pel\u00edculas e incluso algunos tienen apariencia humana\u00bb, asegura el experto. De igual forma mencion\u00f3 que ha visto diferentes tipos de naves espaciales.<\/p>\n\n\n\n<figure class=\"wp-block-image\"><img decoding=\"async\" src=\"https:\/\/laverdadnoticias.com\/export\/sites\/laverdad\/img\/2020\/07\/03\/abduccon_extraterrestre_google_insolito.jpg_1026485750.jpg\" alt=\"'Google Earth capt\u00f3 mi secuestro'\" title=\"'Google Earth capt\u00f3 mi secuestro'\"\/><figcaption>\u00abGoogle Earth capt\u00f3 mi secuestro\u00bb<\/figcaption><\/figure>\n\n\n\n<p>\u00abAlgunos&nbsp;<a href=\"https:\/\/laverdadnoticias.com\/insolito\/Caso-Roswell-a-72-anos-del-impactante-fenomeno-OVNI-fue-real--20190725-0165.html\" target=\"_blank\" rel=\"noreferrer noopener\">ovnis<\/a>&nbsp;son f\u00edsicos, mientras otros no. He llegado a la conclusi\u00f3n de que algunas naves alien\u00edgenas pueden adoptar cualquier forma\u00bb, explica Mooner. Por tanto, y seg\u00fan asegura, existir\u00edan infinitos tipos de ovnis: con forma de platillo, de bellota, de yunque, acampanados o s\u00f3lo simples destellos en forma de \u00f3rbita de colores.<\/p>\n","protected":false},"excerpt":{"rendered":"<p>John\u00a0Mooner\u00a0es un uf\u00f3logo brit\u00e1nico que confes\u00f3 haber vivido una\u00a0abducci\u00f3n extraterrestre: \u00abGoogle Earth capt\u00f3 mi\u00a0ins\u00f3lito\u00a0secuestro\u00bb. La vida en otros planetas es esa inc\u00f3gnita que no terminamos de resolver. Hay quien cree en ella, a quien le parece una aut\u00e9ntica locura y hay quien, directamente, se dedica a investigar sobre alien\u00edgenas y uno que otro&nbsp;ins\u00f3lito&nbsp;fen\u00f3meno&nbsp;paranormal&nbsp;de la galaxia, [&hellip;]<\/p>\n","protected":false},"author":1,"featured_media":533,"comment_status":"open","ping_status":"open","sticky":false,"template":"","format":"standard","meta":{"footnotes":""},"categories":[12],"tags":[],"class_list":["post-532","post","type-post","status-publish","format-standard","has-post-thumbnail","hentry","category-sin-categoria"],"_links":{"self":[{"href":"https:\/\/podernacional.com\/index.php?rest_route=\/wp\/v2\/posts\/532","targetHints":{"allow":["GET"]}}],"collection":[{"href":"https:\/\/podernacional.com\/index.php?rest_route=\/wp\/v2\/posts"}],"about":[{"href":"https:\/\/podernacional.com\/index.php?rest_route=\/wp\/v2\/types\/post"}],"author":[{"embeddable":true,"href":"https:\/\/podernacional.com\/index.php?rest_route=\/wp\/v2\/users\/1"}],"replies":[{"embeddable":true,"href":"https:\/\/podernacional.com\/index.php?rest_route=%2Fwp%2Fv2%2Fcomments&post=532"}],"version-history":[{"count":0,"href":"https:\/\/podernacional.com\/index.php?rest_route=\/wp\/v2\/posts\/532\/revisions"}],"wp:featuredmedia":[{"embeddable":true,"href":"https:\/\/podernacional.com\/index.php?rest_route=\/wp\/v2\/media\/533"}],"wp:attachment":[{"href":"https:\/\/podernacional.com\/index.php?rest_route=%2Fwp%2Fv2%2Fmedia&parent=532"}],"wp:term":[{"taxonomy":"category","embeddable":true,"href":"https:\/\/podernacional.com\/index.php?rest_route=%2Fwp%2Fv2%2Fcategories&post=532"},{"taxonomy":"post_tag","embeddable":true,"href":"https:\/\/podernacional.com\/index.php?rest_route=%2Fwp%2Fv2%2Ftags&post=532"}],"curies":[{"name":"wp","href":"https:\/\/api.w.org\/{rel}","templated":true}]}}