{"id":5343,"date":"2022-03-22T17:13:05","date_gmt":"2022-03-22T22:13:05","guid":{"rendered":"https:\/\/whatsappcancun.com\/?p=5343"},"modified":"2022-03-22T17:13:05","modified_gmt":"2022-03-22T22:13:05","slug":"con-un-homenaje-a-gabriel-garcia-marquez-vuelve-el-carnaval-internacional-de-las-artes-de-barranquilla","status":"publish","type":"post","link":"https:\/\/podernacional.com\/?p=5343","title":{"rendered":"Con un homenaje a Gabriel Garc\u00eda M\u00e1rquez, vuelve el Carnaval Internacional de las Artes de Barranquilla"},"content":{"rendered":"<h4 class=\"article-subheadline\" style=\"text-align: center;\">El evento contar\u00e1 con invitados de lujo como la artista Lido Pimienta y el periodista Juan Gossa\u00edn, quien se encargar\u00e1 de desempolvar sus mejores recuerdos junto al nobel de literatura<\/h4>\n<div class=\"byline\">\n<div class=\"byline-text-wrapper\">\n<p class=\"paragraph\">Este martes 22 de marzo se abrir\u00e1n las puertas de una nueva edici\u00f3n del\u00a0<b>Carnaval Internacional de las Artes en Barranquilla<\/b>; un escenario que reune una extensa agenda con un gran n\u00famero de eventos que ser\u00e1n compuestos por un total de\u00a0<b>40 artistas nacionales y extranjeros,<\/b>\u00a0provenientes de diferentes regiones y cada uno con una muestra distinta con el fin de hacer un intercambio de saberes.<\/p>\n<p class=\"paragraph\">Todo esto tendr\u00e1 como epicentro<b>\u00a0\u2018La Cueva\u2019,\u00a0<\/b>aquel m\u00edtico restaurante que tambi\u00e9n ha funcionado como museo y galer\u00eda, y ser\u00e1 en este mismo escenario donde se realice un homenaje a la vida y obra de Gabriel Garc\u00eda M\u00e1rquez; incluso,\u00a0<b>buena parte de la programaci\u00f3n est\u00e1 centrada en el nobel de literatura.<\/b><\/p>\n<p class=\"paragraph\">Adem\u00e1s, grandes referentes de la m\u00fasica como la cantante Lido Pimienta, el cineasta Rodrigo Garc\u00eda Barcha, la historiadora Diana Uribe y la periodista Diana L\u00f3pez Zuleta ser\u00e1n los encargados de nutrir los eventos del Carnaval.<\/p>\n<p class=\"paragraph\">Desde el martes a las\u00a0<b>8:45 de la ma\u00f1ana,<\/b>\u00a0las puertas de La Cueva estar\u00e1n abiertas para todo el p\u00fablico; de hecho, a esa hora el Carnaval ser\u00e1 inaugurado con la proyecci\u00f3n del clip \u2018El ron est\u00e1 sabroso\u2019. Despu\u00e9s, el d\u00eda se complementar\u00e1 con seis eventos, entre los cuales destacan:<\/p>\n<p class=\"paragraph\"><b>1. 3:00 p.m: El dolor que no se borra<\/b>, conversatorio con Diana L\u00f3pez Zuleta; all\u00ed hablar\u00e1 sobre la violencia pol\u00edtica en Colombia, centr\u00e1ndose en su libro \u2018Lo que no borr\u00f3 el desierto\u2019 y su testimonio plasmado en aquella obra.<\/p>\n<p class=\"paragraph\"><b>2. 5:30 p.m: El bautismo de Lido Pimienta,\u00a0<\/b>un show donde la barranquillera, radicada en Panam\u00e1, interpretar\u00e1 lo mejor de su repertorio, aquel que la ha consolidado como una de las artistas m\u00e1s importantes del pa\u00eds a la hora de hablar de nuevos sonidos y sororidades. Junto a ella estar\u00e1 \u00c1lvaro Garc\u00eda, director de RTVC.<\/p>\n<p class=\"paragraph\">A las 8:30 p.m. se llevar\u00e1 a cabo un encuentro denominado \u2018El fest\u00edn de los Buend\u00eda\u2019, en la cual los sabores de Macondo ser\u00e1n los protagonistas.<\/p>\n<p class=\"paragraph\">El mi\u00e9rcoles 23 se realizar\u00e1n siete encuentros, el primero de ellos a las<b>\u00a08:45 a.m.<\/b>\u00a0tambi\u00e9n en La Cueva; all\u00ed ser\u00e1 emitido el corto<b>\u00a0\u2018Artesanos de la m\u00fasica: La gaita\u2019<\/b>. Otro evento a resaltar ese d\u00eda ser\u00e1 a las\u00a0<b>2:50 p.m<\/b>. con la proyecci\u00f3n de\u00a0<b>\u2018\u00c9rase una vez: Alejo Dur\u00e1n\u2019,\u00a0<\/b>una serie animada que rescata la vida del juglar vallenato y sus aportes realizados a la m\u00fasica de acorde\u00f3n en Colombia.<\/p>\n<p class=\"paragraph\">Diez minutos despu\u00e9s, iniciar\u00e1 el conversatorio\u00a0<b>\u2018Hablemos de Gabo\u2019<\/b>, encabezado por el historiador espa\u00f1ol \u00c1lvaro Santana, quien se adentrar\u00e1 en el universo de Cien a\u00f1os de soledad, los paisajes macondianos y el camino que recorri\u00f3 la novela para convertirse en un referente mundial de la lengua castellana. Y siguiendo con el hilo de Garc\u00eda M\u00e1rquez, a las\u00a0<b>8:00 p.m<\/b>. el poeta y mel\u00f3mano Miguel Iriarte encabezar\u00e1 la charla<b>\u00a0\u2018Los boleros y gabo\u2019<\/b>, en la cual ser\u00e1n discutidos varios temas musicales alrededor de los 10 boleros preferidos por el escritor nacido en Aracataca.<\/p>\n<p class=\"paragraph\">El jueves 24 tendr\u00e1 ocho encuentros y el viernes 25, nueve: el primer d\u00eda ser\u00e1 proyectado, a las 8:45 de la ma\u00f1ana, el documental<b>\u00a0\u2018\u00c9rase una vez: Gabo\u2019,<\/b>\u00a0serie tambi\u00e9n animada que rescata, gracias al archivo hist\u00f3rico, parte del extenso legado del literato.<\/p>\n<p class=\"paragraph\">Finalmente, el viernes 25 -d\u00eda de cierre- el atractivo ser\u00e1<b>\u00a0\u2018El grupo y yo\u2019<\/b>, charla que empezar\u00e1 a las\u00a0<b>3:00 p.m.<\/b>\u00a0con el ensayista y periodista,\u00a0<b>Juan Gossa\u00edn.<\/b>\u00a0All\u00ed hablar\u00e1 de sus mejores relatos junto al nobel de literatura y desempolvar\u00e1 su anecdotario junto al escritor.<\/p>\n<p class=\"paragraph\">Toda la programaci\u00f3n est\u00e1 disponible en el portal oficial de la Fundaci\u00f3n La Cueva, as\u00ed como los perfiles de los invitados que har\u00e1n parte de este Carnaval.<\/p>\n<\/div>\n<\/div>\n","protected":false},"excerpt":{"rendered":"<p>El evento contar\u00e1 con invitados de lujo como la artista Lido Pimienta y el periodista Juan Gossa\u00edn, quien se encargar\u00e1 de desempolvar sus mejores recuerdos junto al nobel de literatura Este martes 22 de marzo se abrir\u00e1n las puertas de una nueva edici\u00f3n del\u00a0Carnaval Internacional de las Artes en Barranquilla; un escenario que reune una [&hellip;]<\/p>\n","protected":false},"author":1,"featured_media":5345,"comment_status":"open","ping_status":"closed","sticky":false,"template":"","format":"standard","meta":{"footnotes":""},"categories":[2,5,7],"tags":[],"class_list":["post-5343","post","type-post","status-publish","format-standard","has-post-thumbnail","hentry","category-cultural","category-internacional","category-nacional"],"_links":{"self":[{"href":"https:\/\/podernacional.com\/index.php?rest_route=\/wp\/v2\/posts\/5343","targetHints":{"allow":["GET"]}}],"collection":[{"href":"https:\/\/podernacional.com\/index.php?rest_route=\/wp\/v2\/posts"}],"about":[{"href":"https:\/\/podernacional.com\/index.php?rest_route=\/wp\/v2\/types\/post"}],"author":[{"embeddable":true,"href":"https:\/\/podernacional.com\/index.php?rest_route=\/wp\/v2\/users\/1"}],"replies":[{"embeddable":true,"href":"https:\/\/podernacional.com\/index.php?rest_route=%2Fwp%2Fv2%2Fcomments&post=5343"}],"version-history":[{"count":0,"href":"https:\/\/podernacional.com\/index.php?rest_route=\/wp\/v2\/posts\/5343\/revisions"}],"wp:featuredmedia":[{"embeddable":true,"href":"https:\/\/podernacional.com\/index.php?rest_route=\/wp\/v2\/media\/5345"}],"wp:attachment":[{"href":"https:\/\/podernacional.com\/index.php?rest_route=%2Fwp%2Fv2%2Fmedia&parent=5343"}],"wp:term":[{"taxonomy":"category","embeddable":true,"href":"https:\/\/podernacional.com\/index.php?rest_route=%2Fwp%2Fv2%2Fcategories&post=5343"},{"taxonomy":"post_tag","embeddable":true,"href":"https:\/\/podernacional.com\/index.php?rest_route=%2Fwp%2Fv2%2Ftags&post=5343"}],"curies":[{"name":"wp","href":"https:\/\/api.w.org\/{rel}","templated":true}]}}