{"id":5364,"date":"2022-03-23T21:40:23","date_gmt":"2022-03-24T02:40:23","guid":{"rendered":"https:\/\/whatsappcancun.com\/?p=5364"},"modified":"2022-03-23T21:40:23","modified_gmt":"2022-03-24T02:40:23","slug":"mexicano-gana-premio-internacional-de-ilustracion-de-la-feria-del-libro-infantil-de-bolonia","status":"publish","type":"post","link":"https:\/\/podernacional.com\/?p=5364","title":{"rendered":"Mexicano gana Premio Internacional de Ilustraci\u00f3n de la Feria del Libro Infantil de Bolonia"},"content":{"rendered":"<h4 class=\"h2\" style=\"text-align: center;\">Andr\u00e9s L\u00f3pez fue reconocido por su \u00abcalidad de la composici\u00f3n\u00bb y \u00abrepresentaci\u00f3n evocadora de la naturaleza con una fuerte textura pict\u00f3rica\u00bb<\/h4>\n<p>El mexicano\u00a0<strong>Andr\u00e9s L\u00f3pez<\/strong>\u00a0se ha alzado hoy con el\u00a0<strong>Premio Internacional de Ilustraci\u00f3n<\/strong>\u00a0de la\u00a0<strong>Feria del Libro Infantil de Bolonia<\/strong>, otorgado por la Fundaci\u00f3n SM, por su \u00abcalidad de la composici\u00f3n\u00bb y \u00abrepresentaci\u00f3n evocadora de la naturaleza con una fuerte textura pict\u00f3rica\u00bb.<\/p>\n<p>Seg\u00fan ha informado la Fundaci\u00f3n SM, el fallo se ha dado a conocer en un acto celebrado en la Feria Internacional del Libro Infantil y Juvenil de Bolonia (Italia) que ha presidido Elena Pasoli, directora de la feria, y Jos\u00e9 Manuel Cidad, presidente de SM.<\/p>\n<p>El jurado, compuesto por los ilustradores Gusti Rosemffet y Alessandro Sanna, y Pablo N\u00fa\u00f1ez, gerente de Arte Corporativo en SM, ha otorgado por unanimidad dicho premio a L\u00f3pez (M\u00e9xico, 1991) por \u00abla calidad de la composici\u00f3n, la representaci\u00f3n evocadora de la naturaleza con una fuerte textura pict\u00f3rica y un estilo tradicional de gran meticulosidad en el tratamiento de los detalles\u00bb.<\/p>\n<div id=\"standard_2\" class=\"st-placement standard_2 inImage\">\n<div class=\"st-adunit st-reset st-show\">\n<div class=\"st-adunit-ad st-reset\">\n<div class=\"st-display-render st-reset\">\n<div class=\"st-reset\">\n<div class=\"important-styled st-canvas-container open Billboard_970x250 display-standard fssquz2\">\n<div class=\"important-styled st-canvas-el fhxwyqa\">\n<div class=\"important-styled st-canvas-container undefined fssquz2\">\n<div class=\"important-styled st-canvas-el fwoj0dx\">\n<div class=\"important-styled st-canvas-container undefined fssquz2\">\n<div class=\"important-styled st-canvas-el f1v2pxg1\">\n<div class=\"important-styled display-render x-to-close f9k8010\">\n<p>Asimismo, el jurado tambi\u00e9n ha valorado su \u00abcapacidad de crear un mundo muy preciso, cre\u00edble y envolvente que da pie a quien lo mira a que pueda imaginarlo m\u00e1s all\u00e1 de la ilustraci\u00f3n y desee entrar en \u00e9l\u00bb.<\/p>\n<p>El galard\u00f3n, dotado con 15 mil d\u00f3lares, conlleva tambi\u00e9n la creaci\u00f3n de un \u00e1lbum ilustrado infantil que ser\u00e1 editado por SM y presentado en la Feria del Libro Infantil y Juvenil de Bolonia de 2023.<\/p>\n<p>L\u00f3pez estudi\u00f3 dise\u00f1o gr\u00e1fico como segunda carrera, despu\u00e9s de titularse como ingeniero. Ha trabajado tambi\u00e9n en empresas como EATON, Telef\u00f3nica M\u00e9xico -donde form\u00f3 parte de Fundaci\u00f3n Telef\u00f3nica apoyando a ni\u00f1os con capacidades diferentes- y Apple en su departamento de educaci\u00f3n.<\/p>\n<p>Desde 2016 trabaja de forma independiente en un estudio de creaci\u00f3n propia dedicado al dise\u00f1o y publicidad llamado MALECHO\u00ae. Gan\u00f3 el Concurso Nacional de Cartel (2017) y el Cat\u00e1logo de Ilustradores (2018), ambos organizados por la Secretar\u00eda de Cultura de M\u00e9xico.<\/p>\n<\/div>\n<\/div>\n<\/div>\n<\/div>\n<\/div>\n<\/div>\n<\/div>\n<\/div>\n<\/div>\n<\/div>\n<\/div>\n<\/div>\n","protected":false},"excerpt":{"rendered":"<p>Andr\u00e9s L\u00f3pez fue reconocido por su \u00abcalidad de la composici\u00f3n\u00bb y \u00abrepresentaci\u00f3n evocadora de la naturaleza con una fuerte textura pict\u00f3rica\u00bb El mexicano\u00a0Andr\u00e9s L\u00f3pez\u00a0se ha alzado hoy con el\u00a0Premio Internacional de Ilustraci\u00f3n\u00a0de la\u00a0Feria del Libro Infantil de Bolonia, otorgado por la Fundaci\u00f3n SM, por su \u00abcalidad de la composici\u00f3n\u00bb y \u00abrepresentaci\u00f3n evocadora de la naturaleza [&hellip;]<\/p>\n","protected":false},"author":1,"featured_media":5366,"comment_status":"open","ping_status":"closed","sticky":false,"template":"","format":"standard","meta":{"footnotes":""},"categories":[2,5,7],"tags":[],"class_list":["post-5364","post","type-post","status-publish","format-standard","has-post-thumbnail","hentry","category-cultural","category-internacional","category-nacional"],"_links":{"self":[{"href":"https:\/\/podernacional.com\/index.php?rest_route=\/wp\/v2\/posts\/5364","targetHints":{"allow":["GET"]}}],"collection":[{"href":"https:\/\/podernacional.com\/index.php?rest_route=\/wp\/v2\/posts"}],"about":[{"href":"https:\/\/podernacional.com\/index.php?rest_route=\/wp\/v2\/types\/post"}],"author":[{"embeddable":true,"href":"https:\/\/podernacional.com\/index.php?rest_route=\/wp\/v2\/users\/1"}],"replies":[{"embeddable":true,"href":"https:\/\/podernacional.com\/index.php?rest_route=%2Fwp%2Fv2%2Fcomments&post=5364"}],"version-history":[{"count":0,"href":"https:\/\/podernacional.com\/index.php?rest_route=\/wp\/v2\/posts\/5364\/revisions"}],"wp:featuredmedia":[{"embeddable":true,"href":"https:\/\/podernacional.com\/index.php?rest_route=\/wp\/v2\/media\/5366"}],"wp:attachment":[{"href":"https:\/\/podernacional.com\/index.php?rest_route=%2Fwp%2Fv2%2Fmedia&parent=5364"}],"wp:term":[{"taxonomy":"category","embeddable":true,"href":"https:\/\/podernacional.com\/index.php?rest_route=%2Fwp%2Fv2%2Fcategories&post=5364"},{"taxonomy":"post_tag","embeddable":true,"href":"https:\/\/podernacional.com\/index.php?rest_route=%2Fwp%2Fv2%2Ftags&post=5364"}],"curies":[{"name":"wp","href":"https:\/\/api.w.org\/{rel}","templated":true}]}}