{"id":5382,"date":"2022-03-24T17:40:35","date_gmt":"2022-03-24T22:40:35","guid":{"rendered":"https:\/\/whatsappcancun.com\/?p=5382"},"modified":"2022-03-24T17:40:35","modified_gmt":"2022-03-24T22:40:35","slug":"alerta-a-cidh-violencia-contra-periodistas-en-mexico","status":"publish","type":"post","link":"https:\/\/podernacional.com\/?p=5382","title":{"rendered":"Alerta a CIDH violencia contra periodistas en M\u00e9xico"},"content":{"rendered":"<div id=\"Bloque_IN_PrimerTexto\">\n<h4 class=\"h2\" style=\"text-align: center;\">Los esfuerzos del Gobierno de M\u00e9xico contra la violencia hacia periodistas son desarticulados, contradictorios e insuficientes, dice la Comisi\u00f3n Interamericana de Derechos Humanos<\/h4>\n<p>La Relator\u00eda Especial para la Libertad de Expresi\u00f3n, de la\u00a0<strong>Comisi\u00f3n Interamericana de Derechos Humanos\u00a0<\/strong>(<strong>CIDH<\/strong>), hizo un llamado al gobierno mexicano para que dimensione las causas y efectos que genera la\u00a0<strong>violencia en contra de periodistas<\/strong>, acci\u00f3n que comienza a normalizarse y profundizarse.<\/p>\n<div id=\"taboola-mid-article-thumbnail\" class=\"trc_related_container trc_spotlight_widget trc_elastic trc_elastic_thumbnails-md1\" data-placement-name=\"Mid Article Thumbnail\">\n<div class=\"trc_rbox_container\">\n<div>\n<div id=\"trc_wrapper_4558\" class=\"trc_rbox thumbnails-md1 trc-content-sponsored \">\n<div id=\"trc_header_4558\" class=\"trc_rbox_header trc_rbox_border_elm\">\n<div class=\"trc_header_ext\">Advirti\u00f3 que se vive un momento cr\u00edtico en M\u00e9xico sobre todo porque se observa que los esfuerzos institucionales actuales se encuentran desarticulados y en ocasiones son contradictorios, lo que resulta insuficiente para contener el fen\u00f3meno de la violencia en contra de la prensa, lo que actualmente representa una de las\u00a0<strong>principales amenazas a la libertad de expresi\u00f3n<\/strong>.\u201cLa Relator\u00eda Especial para la Libertad de Expresi\u00f3n de la Comisi\u00f3n Interamericana de Derechos Humanos (CIDH) alerta sobre la normalizaci\u00f3n y profundizaci\u00f3n de la violencia contra periodistas en M\u00e9xico. En este contexto, la Oficina llama a las autoridades a dimensionar las causas y los efectos de este fen\u00f3meno, y les urge a tomar medidas complementarias a las que est\u00e1n en curso en materia de prevenci\u00f3n a la violencia, protecci\u00f3n de periodistas y lucha contra la impunidad de los cr\u00edmenes contra la prensa\u201d, difundi\u00f3 el organismo regional.<\/p>\n<p>Destac\u00f3 que en un momento cr\u00edtico para las garant\u00edas a la libertad de prensa, se considera que los recursos humanos y financieros destinados al mecanismo de protecci\u00f3n para periodistas, vigente, no han sido eficaces para evitar el\u00a0<strong>asesinato de comunicadores<\/strong>; los esfuerzos mencionados sobre ajustes estructurales al sistema de protecci\u00f3n y la anunciada capacitaci\u00f3n de funcionarios est\u00e1n lamentablemente desfasados temporalmente con respecto a la urgencia de la situaci\u00f3n; y los mensajes de rechazo oficial a la\u00a0<strong>violencia letal\u00a0<\/strong>contra la prensa se mezclan y se confunden en tiempo y espacio con mensajes oficiales estigmatizantes que se enmarcan en una compleja y sostenida pugna de las autoridades federales sobre periodistas y medios de comunicaci\u00f3n.<\/p>\n<p>\u201cLa relevancia que asignan las autoridades a su conflicto con la prensa inevitablemente opaca los mensajes de rechazo a la violencia que han emitido, generando que pierdan la contundencia, convicci\u00f3n y nitidez que debieran tener en este momento\u201d, subray\u00f3.<\/p>\n<p>La Oficina de Comunicaci\u00f3n y Vocer\u00eda de la Presidencia de la Rep\u00fablica de M\u00e9xico envi\u00f3 a la Relator\u00eda una comunicaci\u00f3n en la cual defendi\u00f3 que el gobierno federal: condena cualquier acto de violencia en contra de las personas que ejercen la profesi\u00f3n de periodistas; exige que se adelanten las investigaciones para que se esclarezcan los hechos y se sancione a las personas responsables; reconoce que la violencia contra la prensa tambi\u00e9n es una afrenta a la sociedad; y reitera el llamado a \u00a0todos los \u00f3rdenes de gobierno para que se proteja la vida e integridad de periodistas.<\/p>\n<p>\u201cLa Vocer\u00eda de Presidencia cierra su apreciaci\u00f3n destacando la obligaci\u00f3n del Estado frente a la libertad de expresi\u00f3n y el pluralismo\u00bb.<\/p>\n<p>\u201cPara la Relator\u00eda, los esfuerzos institucionales actuales se encuentran desarticulados, en ocasiones son contradictorios, y sumados resultan insuficientes para contener el\u00a0<strong>fen\u00f3meno de violencia contra la prensa\u00a0<\/strong>que actualmente representa una de las principales amenazas a la libertad de expresi\u00f3n en M\u00e9xico. En este sentido, esta Oficina llama al Estado a tomar con urgencia medidas complementarias a las ya anunciadas, que se puedan activar en el corto plazo y orientadas a fortalecer el despliegue institucional en los distintos niveles de autoridad y competencia\u201d, puntualiz\u00f3.<\/p>\n<\/div>\n<\/div>\n<\/div>\n<\/div>\n<\/div>\n<\/div>\n<figure class=\"contenedor-ImagenArticulo\"><picture><source srcset=\"https:\/\/www.eluniversal.com.mx\/sites\/default\/files\/styles\/f27-273x210\/public\/2022\/03\/24\/periodistas.jpg?itok=XB-68YKp\" media=\"(max-width:576px)\" \/><source srcset=\"https:\/\/www.eluniversal.com.mx\/sites\/default\/files\/styles\/f03-651x400\/public\/2022\/03\/24\/periodistas.jpg?itok=9tKxj_Uh\" media=\"(max-width:780px)\" \/><source srcset=\"https:\/\/www.eluniversal.com.mx\/sites\/default\/files\/styles\/f01-768x600_corte_3_u2020\/public\/2022\/03\/24\/periodistas.jpg?itok=Nj2S4kX4\" media=\"(max-width:1040px)\" \/><\/picture>\n<div id=\"standard_1\" class=\"st-placement standard_1 inImage\"><\/div>\n<\/figure>\n<\/div>\n","protected":false},"excerpt":{"rendered":"<p>Los esfuerzos del Gobierno de M\u00e9xico contra la violencia hacia periodistas son desarticulados, contradictorios e insuficientes, dice la Comisi\u00f3n Interamericana de Derechos Humanos La Relator\u00eda Especial para la Libertad de Expresi\u00f3n, de la\u00a0Comisi\u00f3n Interamericana de Derechos Humanos\u00a0(CIDH), hizo un llamado al gobierno mexicano para que dimensione las causas y efectos que genera la\u00a0violencia en contra [&hellip;]<\/p>\n","protected":false},"author":1,"featured_media":5384,"comment_status":"open","ping_status":"closed","sticky":false,"template":"","format":"standard","meta":{"footnotes":""},"categories":[4,5,7,8],"tags":[],"class_list":["post-5382","post","type-post","status-publish","format-standard","has-post-thumbnail","hentry","category-espectaculos","category-internacional","category-nacional","category-policia"],"_links":{"self":[{"href":"https:\/\/podernacional.com\/index.php?rest_route=\/wp\/v2\/posts\/5382","targetHints":{"allow":["GET"]}}],"collection":[{"href":"https:\/\/podernacional.com\/index.php?rest_route=\/wp\/v2\/posts"}],"about":[{"href":"https:\/\/podernacional.com\/index.php?rest_route=\/wp\/v2\/types\/post"}],"author":[{"embeddable":true,"href":"https:\/\/podernacional.com\/index.php?rest_route=\/wp\/v2\/users\/1"}],"replies":[{"embeddable":true,"href":"https:\/\/podernacional.com\/index.php?rest_route=%2Fwp%2Fv2%2Fcomments&post=5382"}],"version-history":[{"count":0,"href":"https:\/\/podernacional.com\/index.php?rest_route=\/wp\/v2\/posts\/5382\/revisions"}],"wp:featuredmedia":[{"embeddable":true,"href":"https:\/\/podernacional.com\/index.php?rest_route=\/wp\/v2\/media\/5384"}],"wp:attachment":[{"href":"https:\/\/podernacional.com\/index.php?rest_route=%2Fwp%2Fv2%2Fmedia&parent=5382"}],"wp:term":[{"taxonomy":"category","embeddable":true,"href":"https:\/\/podernacional.com\/index.php?rest_route=%2Fwp%2Fv2%2Fcategories&post=5382"},{"taxonomy":"post_tag","embeddable":true,"href":"https:\/\/podernacional.com\/index.php?rest_route=%2Fwp%2Fv2%2Ftags&post=5382"}],"curies":[{"name":"wp","href":"https:\/\/api.w.org\/{rel}","templated":true}]}}