{"id":5762,"date":"2022-04-18T19:23:21","date_gmt":"2022-04-19T00:23:21","guid":{"rendered":"https:\/\/whatsappcancun.com\/?p=5762"},"modified":"2022-04-18T19:23:21","modified_gmt":"2022-04-19T00:23:21","slug":"califica-amlo-de-chicanadas-de-texas-controles-al-transporte-en-frontera","status":"publish","type":"post","link":"https:\/\/podernacional.com\/?p=5762","title":{"rendered":"Califica AMLO de \u201cchicanadas\u201d de Texas controles al transporte en frontera"},"content":{"rendered":"<header>\n<h4 style=\"text-align: center;\">Cuestion\u00f3 tambi\u00e9n la actitud del gobernador Greg Abbott, al afirmar que eso \u00abperjudica\u00bb a las partes involucradas<\/h4>\n<p>El presidente Andr\u00e9s Manuel L\u00f3pez Obrador se pronunci\u00f3 en contra de las revisiones que se realizaron al transporte de carga en la frontera de M\u00e9xico con Texas, Estados Unidos, y cuestion\u00f3 al gobernador de esa entidad, el republicano Greg Abbott, por la medida. E<\/p>\n<p>Durante su tradicional conferencia matutina de prensa en Palacio Nacional, el jefe del Ejecutivo Federal mexicano se refiri\u00f3 a la situaci\u00f3n que se present\u00f3 en ese punto fronterizo, el cual ya hab\u00eda sido escenario de pol\u00e9mica con las duras medidas que aplic\u00f3 Abbott en el ingreso de migrantes<\/p>\n<p>\u00abPorque son totalmente contrarias a el libre comercio les dir\u00eda que son como chicanadas por parte del gobierno de Texas, legalmente lo pueden hacer, pero es muy vil ese proceder\u00bb afirm\u00f3 el mandatario.<\/p>\n<p>Critic\u00f3 adem\u00e1s que al hacer revisi\u00f3n a todos los camiones \u00abbloquean el paso\u00bb por horas, lo que perjudica a ambas partes. \u00ab\u00bfPor qu\u00e9 lo hacen? porque el gobernador de Texas aspira a ser candidato de partido Republicano y piensan que con eso van a ganarse la simpat\u00eda, aunque perjudican\u00bb recalc\u00f3 L\u00f3pez Obrador.<\/p>\n<p>Incluso, dijo, violando el derecho internacional porque con todo respeto los estados no tienen facultades para negociar con un pa\u00eds extranjero. Nosotros no vamos a caer en ninguna provocaci\u00f3n de nada ni hacerle el caldo gordo al gobernador de Texas.<\/p>\n<p>\u00bfQu\u00e9 argumenta cu\u00e1l es la causa o si sabemos de la causa, los migrantes? Con medidas como revisar los frenos, con todo respeto ni un agente municipal hace eso entonces c\u00f3mo un aspirante a la presidencia de EU hace eso, lament\u00f3 el presidente de M\u00e9xico.<\/p>\n<\/header>\n<div class=\"cnt-multimedia estirar \">\n<figure>\n<div>\n<div id=\"standard_1\" class=\"st-placement standard_1 inImage\">\n<div class=\"st-adunit st-reset st-show\">\n<div class=\"st-adunit-ad st-reset\">\n<div class=\"st-display-render st-reset\">\n<div class=\"st-reset\">\n<div class=\"important-styled st-canvas-container open HalfPage_320x480 display-standard fssquz2\">\n<div class=\"important-styled st-canvas-el fhxwyqa\">\n<div class=\"important-styled st-canvas-container undefined fssquz2\">\n<div class=\"important-styled st-canvas-el f9i4t6i\">\n<div class=\"important-styled st-canvas-container undefined fssquz2\">\n<div class=\"important-styled st-canvas-el f1vn9o4y\">\n<div class=\"important-styled fxdbyxb\"><\/div>\n<\/div>\n<\/div>\n<\/div>\n<\/div>\n<\/div>\n<\/div>\n<\/div>\n<\/div>\n<\/div>\n<\/div>\n<\/div>\n<\/div>\n<\/figure>\n<\/div>\n","protected":false},"excerpt":{"rendered":"<p>Cuestion\u00f3 tambi\u00e9n la actitud del gobernador Greg Abbott, al afirmar que eso \u00abperjudica\u00bb a las partes involucradas El presidente Andr\u00e9s Manuel L\u00f3pez Obrador se pronunci\u00f3 en contra de las revisiones que se realizaron al transporte de carga en la frontera de M\u00e9xico con Texas, Estados Unidos, y cuestion\u00f3 al gobernador de esa entidad, el republicano [&hellip;]<\/p>\n","protected":false},"author":1,"featured_media":5764,"comment_status":"open","ping_status":"closed","sticky":false,"template":"","format":"standard","meta":{"footnotes":""},"categories":[5,7,9],"tags":[],"class_list":["post-5762","post","type-post","status-publish","format-standard","has-post-thumbnail","hentry","category-internacional","category-nacional","category-politica"],"_links":{"self":[{"href":"https:\/\/podernacional.com\/index.php?rest_route=\/wp\/v2\/posts\/5762","targetHints":{"allow":["GET"]}}],"collection":[{"href":"https:\/\/podernacional.com\/index.php?rest_route=\/wp\/v2\/posts"}],"about":[{"href":"https:\/\/podernacional.com\/index.php?rest_route=\/wp\/v2\/types\/post"}],"author":[{"embeddable":true,"href":"https:\/\/podernacional.com\/index.php?rest_route=\/wp\/v2\/users\/1"}],"replies":[{"embeddable":true,"href":"https:\/\/podernacional.com\/index.php?rest_route=%2Fwp%2Fv2%2Fcomments&post=5762"}],"version-history":[{"count":0,"href":"https:\/\/podernacional.com\/index.php?rest_route=\/wp\/v2\/posts\/5762\/revisions"}],"wp:featuredmedia":[{"embeddable":true,"href":"https:\/\/podernacional.com\/index.php?rest_route=\/wp\/v2\/media\/5764"}],"wp:attachment":[{"href":"https:\/\/podernacional.com\/index.php?rest_route=%2Fwp%2Fv2%2Fmedia&parent=5762"}],"wp:term":[{"taxonomy":"category","embeddable":true,"href":"https:\/\/podernacional.com\/index.php?rest_route=%2Fwp%2Fv2%2Fcategories&post=5762"},{"taxonomy":"post_tag","embeddable":true,"href":"https:\/\/podernacional.com\/index.php?rest_route=%2Fwp%2Fv2%2Ftags&post=5762"}],"curies":[{"name":"wp","href":"https:\/\/api.w.org\/{rel}","templated":true}]}}