{"id":5876,"date":"2022-04-25T22:59:09","date_gmt":"2022-04-26T03:59:09","guid":{"rendered":"https:\/\/whatsappcancun.com\/?p=5876"},"modified":"2022-04-25T22:59:09","modified_gmt":"2022-04-26T03:59:09","slug":"corte-penal-internacional-se-sumara-a-investigar-crimenes-de-guerra-en-ucrania","status":"publish","type":"post","link":"https:\/\/podernacional.com\/?p=5876","title":{"rendered":"Corte Penal Internacional se sumar\u00e1 a investigar cr\u00edmenes de guerra en Ucrania"},"content":{"rendered":"<h4 style=\"text-align: center;\">Se emprender\u00e1n todos los esfuerzos para reunir efectivamente pruebas sobre los principales cr\u00edmenes internacionales cometidos en Ucrania y llevar a los responsables ante la justicia, asegur\u00f3 la agencia Eurojust.<\/h4>\n<address><strong>La Corte Penal Internacional (CPI) participar\u00e1 en el equipo conjunto que investiga las acusaciones de cr\u00edmenes de guerra en Ucrania tras la invasi\u00f3n de Rusia,<\/strong> inform\u00f3 este lunes la agencia de la Uni\u00f3n Europea para la cooperaci\u00f3n en materia de justicia penal.<\/p>\n<p><strong>El fiscal de la CPI, Karim Khan, y los fiscales generales de Lituania, Polonia y Ucrania firmaron un acuerdo<\/strong>\u00a0para que el tribunal internacional de cr\u00edmenes de guerra participe por primera vez en un equipo de investigaci\u00f3n, dijo Eurojust.<\/p>\n<p><strong>\u201cCon este acuerdo, las partes env\u00edan un mensaje claro de que se emprender\u00e1n todos los esfuerzos para reunir efectivamente pruebas<\/strong>\u00a0sobre los principales cr\u00edmenes internacionales cometidos en Ucrania y llevar a los responsables ante la justicia\u201d, dijo la agencia Eurojust en un comunicado.<\/p>\n<p><strong>Lituania, Polonia y Ucrania firmaron<\/strong>\u00a0el mes pasado\u00a0<strong>un acuerdo<\/strong>\u00a0para crear un equipo que permita\u00a0<strong>el intercambio de informaci\u00f3n y la investigaci\u00f3n de presuntos cr\u00edmenes de guerra y contra la humanidad.<\/strong><\/p>\n<p>A principios del mes pasado,\u00a0<strong>Khan abri\u00f3 una investigaci\u00f3n sobre posibles cr\u00edmenes de guerra cometidos en Ucrania,<\/strong>\u00a0tras las peticiones de un n\u00famero sin precedentes de Estados miembros del tribunal.<\/p>\n<\/address>\n","protected":false},"excerpt":{"rendered":"<p>Se emprender\u00e1n todos los esfuerzos para reunir efectivamente pruebas sobre los principales cr\u00edmenes internacionales cometidos en Ucrania y llevar a los responsables ante la justicia, asegur\u00f3 la agencia Eurojust. La Corte Penal Internacional (CPI) participar\u00e1 en el equipo conjunto que investiga las acusaciones de cr\u00edmenes de guerra en Ucrania tras la invasi\u00f3n de Rusia, inform\u00f3 [&hellip;]<\/p>\n","protected":false},"author":1,"featured_media":5878,"comment_status":"open","ping_status":"closed","sticky":false,"template":"","format":"standard","meta":{"footnotes":""},"categories":[4,5,9],"tags":[],"class_list":["post-5876","post","type-post","status-publish","format-standard","has-post-thumbnail","hentry","category-espectaculos","category-internacional","category-politica"],"_links":{"self":[{"href":"https:\/\/podernacional.com\/index.php?rest_route=\/wp\/v2\/posts\/5876","targetHints":{"allow":["GET"]}}],"collection":[{"href":"https:\/\/podernacional.com\/index.php?rest_route=\/wp\/v2\/posts"}],"about":[{"href":"https:\/\/podernacional.com\/index.php?rest_route=\/wp\/v2\/types\/post"}],"author":[{"embeddable":true,"href":"https:\/\/podernacional.com\/index.php?rest_route=\/wp\/v2\/users\/1"}],"replies":[{"embeddable":true,"href":"https:\/\/podernacional.com\/index.php?rest_route=%2Fwp%2Fv2%2Fcomments&post=5876"}],"version-history":[{"count":0,"href":"https:\/\/podernacional.com\/index.php?rest_route=\/wp\/v2\/posts\/5876\/revisions"}],"wp:featuredmedia":[{"embeddable":true,"href":"https:\/\/podernacional.com\/index.php?rest_route=\/wp\/v2\/media\/5878"}],"wp:attachment":[{"href":"https:\/\/podernacional.com\/index.php?rest_route=%2Fwp%2Fv2%2Fmedia&parent=5876"}],"wp:term":[{"taxonomy":"category","embeddable":true,"href":"https:\/\/podernacional.com\/index.php?rest_route=%2Fwp%2Fv2%2Fcategories&post=5876"},{"taxonomy":"post_tag","embeddable":true,"href":"https:\/\/podernacional.com\/index.php?rest_route=%2Fwp%2Fv2%2Ftags&post=5876"}],"curies":[{"name":"wp","href":"https:\/\/api.w.org\/{rel}","templated":true}]}}