{"id":5912,"date":"2022-04-28T16:39:26","date_gmt":"2022-04-28T21:39:26","guid":{"rendered":"https:\/\/whatsappcancun.com\/?p=5912"},"modified":"2022-04-28T16:39:26","modified_gmt":"2022-04-28T21:39:26","slug":"la-primera-mujer-negra-ya-esta-en-la-estacion-espacial-internacional","status":"publish","type":"post","link":"https:\/\/podernacional.com\/?p=5912","title":{"rendered":"La primera mujer negra ya est\u00e1 en la Estaci\u00f3n Espacial Internacional"},"content":{"rendered":"<div class=\"news__excerpt\">\n<h4 style=\"text-align: center;\">Una c\u00e1psula de SpaceX que transportaba a 4 astronautas, incluida la primera mujer negra, se acopl\u00f3 con \u00e9xito a la Estaci\u00f3n Espacial Internacional.\u00a0<strong>Jessica Watkins<\/strong>, junto con los otros astronautas de la NASA, Kjell Lindgren y Robert Hines, y la italiana Samantha Cristoforetti, viajaron a bordo de la c\u00e1psula SpaceX Crew Dragon.<\/h4>\n<\/div>\n","protected":false},"excerpt":{"rendered":"<p>Una c\u00e1psula de SpaceX que transportaba a 4 astronautas, incluida la primera mujer negra, se acopl\u00f3 con \u00e9xito a la Estaci\u00f3n Espacial Internacional.\u00a0Jessica Watkins, junto con los otros astronautas de la NASA, Kjell Lindgren y Robert Hines, y la italiana Samantha Cristoforetti, viajaron a bordo de la c\u00e1psula SpaceX Crew Dragon.<\/p>\n","protected":false},"author":1,"featured_media":5914,"comment_status":"open","ping_status":"closed","sticky":false,"template":"","format":"standard","meta":{"footnotes":""},"categories":[2,4,5,13],"tags":[],"class_list":["post-5912","post","type-post","status-publish","format-standard","has-post-thumbnail","hentry","category-cultural","category-espectaculos","category-internacional","category-tecnologia"],"_links":{"self":[{"href":"https:\/\/podernacional.com\/index.php?rest_route=\/wp\/v2\/posts\/5912","targetHints":{"allow":["GET"]}}],"collection":[{"href":"https:\/\/podernacional.com\/index.php?rest_route=\/wp\/v2\/posts"}],"about":[{"href":"https:\/\/podernacional.com\/index.php?rest_route=\/wp\/v2\/types\/post"}],"author":[{"embeddable":true,"href":"https:\/\/podernacional.com\/index.php?rest_route=\/wp\/v2\/users\/1"}],"replies":[{"embeddable":true,"href":"https:\/\/podernacional.com\/index.php?rest_route=%2Fwp%2Fv2%2Fcomments&post=5912"}],"version-history":[{"count":0,"href":"https:\/\/podernacional.com\/index.php?rest_route=\/wp\/v2\/posts\/5912\/revisions"}],"wp:featuredmedia":[{"embeddable":true,"href":"https:\/\/podernacional.com\/index.php?rest_route=\/wp\/v2\/media\/5914"}],"wp:attachment":[{"href":"https:\/\/podernacional.com\/index.php?rest_route=%2Fwp%2Fv2%2Fmedia&parent=5912"}],"wp:term":[{"taxonomy":"category","embeddable":true,"href":"https:\/\/podernacional.com\/index.php?rest_route=%2Fwp%2Fv2%2Fcategories&post=5912"},{"taxonomy":"post_tag","embeddable":true,"href":"https:\/\/podernacional.com\/index.php?rest_route=%2Fwp%2Fv2%2Ftags&post=5912"}],"curies":[{"name":"wp","href":"https:\/\/api.w.org\/{rel}","templated":true}]}}