{"id":6110,"date":"2022-05-13T17:10:44","date_gmt":"2022-05-13T22:10:44","guid":{"rendered":"https:\/\/whatsappcancun.com\/?p=6110"},"modified":"2022-05-13T17:10:44","modified_gmt":"2022-05-13T22:10:44","slug":"rusia-corta-el-suministro-electrico-a-finlandia","status":"publish","type":"post","link":"https:\/\/podernacional.com\/?p=6110","title":{"rendered":"Rusia corta el suministro el\u00e9ctrico a Finlandia"},"content":{"rendered":"<h4 class=\"ue-c-article__standfirst\" style=\"text-align: center;\">Desde la empresa rusa aseguran que esta medida se debe a \u00abproblemas de pago\u00bb<\/h4>\n<p>La\u00a0<strong>compa\u00f1\u00eda energ\u00e9tica rusa Inter RAO\u00a0<\/strong>ha cortado en la madrugada de este s\u00e1bado el suministro el\u00e9ctrico a\u00a0<strong>Finlandia\u00a0<\/strong>a trav\u00e9s de su filial RAO Nordic Oy, alegando \u00abproblemas para recibir los pagos por la electricidad vendida\u00bb, seg\u00fan ha informado Fingrid, la empresa finlandesa que gestiona la red el\u00e9ctrica.<\/p>\n<p>RAO Nordic Oy hab\u00eda advertido el viernes de que se ve\u00eda \u00abobligada a suspender la importaci\u00f3n de electricidad a partir del 14 de mayo\u00bb, en un momento en que las\u00a0<strong>tensiones entre Rusia y Finlandia crecen<\/strong>\u00a0a ra\u00edz del anuncio de esta \u00faltima de que podr\u00eda pedir su ingreso en la OTAN tras la invasi\u00f3n rusa de Ucrania.<\/p>\n<p>RAO Nordic Oy ha asegurado que \u00abha estado importando electricidad de Rusia a Finlandia y vendi\u00e9ndola a la bolsa Nord Pool durante muchos a\u00f1os\u00bb, y ha se\u00f1alado que las ventas efectuadas desde el 6 de mayo a\u00fan no se han acreditado con fondos en su cuenta bancaria.<\/p>\n<p>\u00abEsperamos que la situaci\u00f3n mejore pronto y que el comercio de electricidad con Rusia pueda reanudarse\u00bb, ha a\u00f1adido la filial de la compa\u00f1\u00eda rusa.<\/p>\n<p>Seg\u00fan ha explicado\u00a0<strong>Fingrid<\/strong>\u00a0en un comunicado, la electricidad importada desde Rusia supone alrededor del\u00a0<strong>10 % del consumo total del pa\u00eds<\/strong>\u00a0n\u00f3rdico, por lo que el suministro no se ve amenazado por esta decisi\u00f3n.<\/p>\n<p>\u00abLas importaciones que faltan se pueden reemplazar en el mercado de la electricidad importando<strong>\u00a0m\u00e1s electricidad de Suecia<\/strong>\u00a0y en parte tambi\u00e9n mediante la producci\u00f3n nacional\u00bb, ha dicho en el comunicado Reima P\u00e4ivinen, vicepresidente de operaciones de Fingrid.<\/p>\n<p>Inter RAO es el \u00fanico operador de exportaci\u00f3n e importaci\u00f3n de electricidad en Rusia, y su principal cliente ha sido hist\u00f3ricamente Finlandia.<\/p>\n<figure class=\"ue-c-article__media ue-c-article__media--image\">\n<div class=\"ue-c-article__media-img-container ue-l-article--expand-edge-right-until-tablet ue-l-article--expand-edge-left-until-tablet\"><picture><source srcset=\"https:\/\/phantom-elmundo.unidadeditorial.es\/7e31923de45138375f7b43ebfe6b3f88\/crop\/43x24\/473x310\/resize\/320\/f\/webp\/assets\/multimedia\/imagenes\/2022\/05\/14\/16525303269968.png 320w,https:\/\/phantom-elmundo.unidadeditorial.es\/63da7515d3ac40bbec08f1a8c3c69835\/crop\/43x24\/473x310\/resize\/360\/f\/webp\/assets\/multimedia\/imagenes\/2022\/05\/14\/16525303269968.png 360w,https:\/\/phantom-elmundo.unidadeditorial.es\/17641e0182a18fe7b52384f6d2bfb8a9\/crop\/43x24\/473x310\/resize\/400\/f\/webp\/assets\/multimedia\/imagenes\/2022\/05\/14\/16525303269968.png 400w,https:\/\/phantom-elmundo.unidadeditorial.es\/b4103ca25ab5079fb99328edbd534f80\/crop\/43x24\/473x310\/resize\/473\/f\/webp\/assets\/multimedia\/imagenes\/2022\/05\/14\/16525303269968.png 473w,https:\/\/phantom-elmundo.unidadeditorial.es\/4403710d59b7e80e775878fbe2501116\/crop\/43x24\/473x310\/resize\/550\/f\/webp\/assets\/multimedia\/imagenes\/2022\/05\/14\/16525303269968.png 550w,https:\/\/phantom-elmundo.unidadeditorial.es\/632232419e8b55b745493108267355ac\/crop\/43x24\/473x310\/resize\/600\/f\/webp\/assets\/multimedia\/imagenes\/2022\/05\/14\/16525303269968.png 600w,https:\/\/phantom-elmundo.unidadeditorial.es\/b4618a2f555a5912f226196dd1b9b861\/crop\/43x24\/473x310\/resize\/700\/f\/webp\/assets\/multimedia\/imagenes\/2022\/05\/14\/16525303269968.png 700w,https:\/\/phantom-elmundo.unidadeditorial.es\/7835b514e124059db7f58fbf6388d5b0\/crop\/43x24\/473x310\/resize\/746\/f\/webp\/assets\/multimedia\/imagenes\/2022\/05\/14\/16525303269968.png 746w\" type=\"image\/webp\" sizes=\"(min-width: 1010px) 473px, (min-width: 980px) calc(100vw - 573px), (min-width: 740px) calc(100vw - 310px), 100vw\" \/><source srcset=\"https:\/\/phantom-elmundo.unidadeditorial.es\/09263ebce8e2a44daf7d0ad6a751b858\/crop\/43x24\/473x310\/resize\/320\/f\/jpg\/assets\/multimedia\/imagenes\/2022\/05\/14\/16525303269968.png 320w,https:\/\/phantom-elmundo.unidadeditorial.es\/e17f68186f3b20e29637af69f1713fd0\/crop\/43x24\/473x310\/resize\/360\/f\/jpg\/assets\/multimedia\/imagenes\/2022\/05\/14\/16525303269968.png 360w,https:\/\/phantom-elmundo.unidadeditorial.es\/0d3c4260b58d5f714b8d4af280fd8f26\/crop\/43x24\/473x310\/resize\/400\/f\/jpg\/assets\/multimedia\/imagenes\/2022\/05\/14\/16525303269968.png 400w,https:\/\/phantom-elmundo.unidadeditorial.es\/40605cc661db3d6f265dcd00ad8769a3\/crop\/43x24\/473x310\/resize\/473\/f\/jpg\/assets\/multimedia\/imagenes\/2022\/05\/14\/16525303269968.png 473w,https:\/\/phantom-elmundo.unidadeditorial.es\/04bfa5181c592a623d67322417fcc510\/crop\/43x24\/473x310\/resize\/550\/f\/jpg\/assets\/multimedia\/imagenes\/2022\/05\/14\/16525303269968.png 550w,https:\/\/phantom-elmundo.unidadeditorial.es\/8b0f85de98e9b45a3d8d0f441595a52b\/crop\/43x24\/473x310\/resize\/600\/f\/jpg\/assets\/multimedia\/imagenes\/2022\/05\/14\/16525303269968.png 600w,https:\/\/phantom-elmundo.unidadeditorial.es\/5358bf4597ab68e93739a9ad1bd3b128\/crop\/43x24\/473x310\/resize\/700\/f\/jpg\/assets\/multimedia\/imagenes\/2022\/05\/14\/16525303269968.png 700w,https:\/\/phantom-elmundo.unidadeditorial.es\/21cd893085eac64397bac717a830e911\/crop\/43x24\/473x310\/resize\/746\/f\/jpg\/assets\/multimedia\/imagenes\/2022\/05\/14\/16525303269968.png 746w\" type=\"image\/jpeg\" sizes=\"(min-width: 1010px) 473px, (min-width: 980px) calc(100vw - 573px), (min-width: 740px) calc(100vw - 310px), 100vw\" \/><\/picture><\/div>\n<\/figure>\n","protected":false},"excerpt":{"rendered":"<p>Desde la empresa rusa aseguran que esta medida se debe a \u00abproblemas de pago\u00bb La\u00a0compa\u00f1\u00eda energ\u00e9tica rusa Inter RAO\u00a0ha cortado en la madrugada de este s\u00e1bado el suministro el\u00e9ctrico a\u00a0Finlandia\u00a0a trav\u00e9s de su filial RAO Nordic Oy, alegando \u00abproblemas para recibir los pagos por la electricidad vendida\u00bb, seg\u00fan ha informado Fingrid, la empresa finlandesa que [&hellip;]<\/p>\n","protected":false},"author":1,"featured_media":6112,"comment_status":"open","ping_status":"closed","sticky":false,"template":"","format":"standard","meta":{"footnotes":""},"categories":[5,9,13],"tags":[],"class_list":["post-6110","post","type-post","status-publish","format-standard","has-post-thumbnail","hentry","category-internacional","category-politica","category-tecnologia"],"_links":{"self":[{"href":"https:\/\/podernacional.com\/index.php?rest_route=\/wp\/v2\/posts\/6110","targetHints":{"allow":["GET"]}}],"collection":[{"href":"https:\/\/podernacional.com\/index.php?rest_route=\/wp\/v2\/posts"}],"about":[{"href":"https:\/\/podernacional.com\/index.php?rest_route=\/wp\/v2\/types\/post"}],"author":[{"embeddable":true,"href":"https:\/\/podernacional.com\/index.php?rest_route=\/wp\/v2\/users\/1"}],"replies":[{"embeddable":true,"href":"https:\/\/podernacional.com\/index.php?rest_route=%2Fwp%2Fv2%2Fcomments&post=6110"}],"version-history":[{"count":0,"href":"https:\/\/podernacional.com\/index.php?rest_route=\/wp\/v2\/posts\/6110\/revisions"}],"wp:featuredmedia":[{"embeddable":true,"href":"https:\/\/podernacional.com\/index.php?rest_route=\/wp\/v2\/media\/6112"}],"wp:attachment":[{"href":"https:\/\/podernacional.com\/index.php?rest_route=%2Fwp%2Fv2%2Fmedia&parent=6110"}],"wp:term":[{"taxonomy":"category","embeddable":true,"href":"https:\/\/podernacional.com\/index.php?rest_route=%2Fwp%2Fv2%2Fcategories&post=6110"},{"taxonomy":"post_tag","embeddable":true,"href":"https:\/\/podernacional.com\/index.php?rest_route=%2Fwp%2Fv2%2Ftags&post=6110"}],"curies":[{"name":"wp","href":"https:\/\/api.w.org\/{rel}","templated":true}]}}