{"id":6125,"date":"2022-05-14T14:08:17","date_gmt":"2022-05-14T19:08:17","guid":{"rendered":"https:\/\/whatsappcancun.com\/?p=6125"},"modified":"2022-05-14T14:08:17","modified_gmt":"2022-05-14T19:08:17","slug":"celebraron-el-dia-internacional-de-la-danza-en-tula","status":"publish","type":"post","link":"https:\/\/podernacional.com\/?p=6125","title":{"rendered":"Celebraron el D\u00eda Internacional de la Danza en Tula"},"content":{"rendered":"<h4 class=\"subtitle\" style=\"text-align: center;\">Compa\u00f1\u00edas se presentaron en el Teatro al Aire Libre de esta ciudad<\/h4>\n<div class=\"lead-gallery \">\n<div class=\"teaser  owl-carousel owl-theme\">\n<div class=\"owl-wrapper-outer\">\n<div class=\"owl-wrapper\">\n<div class=\"owl-item\">\n<div class=\"img-container picture\">\n<div id=\"standard_1\" class=\"st-placement standard_1 inImage\">\n<div class=\"st-adunit st-reset st-show\">\n<div class=\"st-adunit-ad st-reset\">\n<div class=\"st-reset render-mode-normal\">\n<div class=\"st-video-creative st-reset\">\n<div id=\"moatPxDiv387676\">\n<p>\u00a0Con la presentaci\u00f3n de grupos danc\u00edsticos y de bailes regionales mexicanos se celebr\u00f3 el D\u00eda Internacional de la Danza este s\u00e1bado, en el teatro al aire libre de esta ciudad.<\/p>\n<p>Fueron por lo menos diez conjuntos de bailarines, ni\u00f1os, j\u00f3venes y adultos, que participaron en la exhibici\u00f3n de estampas, de m\u00fasica de todos los g\u00e9neros y ante la presencia de cientos de habitantes que se dieron cita a las tres de la tarde.Al respecto, la directora de educaci\u00f3n y cultura del Ayuntamiento de Tula, Nelly Jim\u00e9nez Rodr\u00edguez, se\u00f1al\u00f3 ayer que esta actividad cultural se llev\u00f3 a cabo en coordinaci\u00f3n con la Compa\u00f1\u00eda de Danza Independiente Fusi\u00f3n Folkl\u00f3rica M\u00e9xico A.C. y el Centro Cultural Antigua Estaci\u00f3n del Ferrocarril, ya que tambi\u00e9n uno de los objetivos es homenajear la danza, considerando que es una disciplina de arte universal y diversa, cuya forma de expresi\u00f3n es sin barreras culturales, pol\u00edticas y \u00e9ticas.<\/p>\n<p>Por ello, dijo la entrevistada, la comunidad danc\u00edstica del estado de Hidalgo, que encabeza el maestro Enrique del Castillo, no dej\u00f3 pasar este acontecimiento e invit\u00f3 anticipadamente a todas las agrupaciones danc\u00edsticas para la conmemoraci\u00f3n.<\/p>\n<p>La funcionaria municipal dijo que desde 1982 por iniciativa del Comit\u00e9 Internacional de Danza, la Organizaci\u00f3n de las Naciones Unidas para la Educaci\u00f3n, la Ciencia y la Cultura (UNESCO) declar\u00f3 el pasado 29 de abril como D\u00eda Internacional de la Danza.<\/p>\n<p>Esta fecha corresponde al natalicio del bailar\u00edn y core\u00f3grafo de origen franc\u00e9s, Jean-Georges Noverre, sin embargo, pese a celebrarlo en el mes de mayo no deja de ser un homenaje a todos los bailarines del mundo.<\/p>\n<p>Finaliz\u00f3 Nelly Jim\u00e9nez diciendo que la presentaci\u00f3n de bailables se verifico con \u00e9xito en el centro de esta ciudad con ra\u00edces de la cultura prehisp\u00e1nica tolteca.<\/p>\n<\/div>\n<\/div>\n<\/div>\n<\/div>\n<\/div>\n<\/div>\n<\/div>\n<\/div>\n<\/div>\n<\/div>\n<\/div>\n<\/div>\n","protected":false},"excerpt":{"rendered":"<p>Compa\u00f1\u00edas se presentaron en el Teatro al Aire Libre de esta ciudad \u00a0Con la presentaci\u00f3n de grupos danc\u00edsticos y de bailes regionales mexicanos se celebr\u00f3 el D\u00eda Internacional de la Danza este s\u00e1bado, en el teatro al aire libre de esta ciudad. Fueron por lo menos diez conjuntos de bailarines, ni\u00f1os, j\u00f3venes y adultos, que [&hellip;]<\/p>\n","protected":false},"author":1,"featured_media":6127,"comment_status":"open","ping_status":"closed","sticky":false,"template":"","format":"standard","meta":{"footnotes":""},"categories":[2,4,5,7],"tags":[],"class_list":["post-6125","post","type-post","status-publish","format-standard","has-post-thumbnail","hentry","category-cultural","category-espectaculos","category-internacional","category-nacional"],"_links":{"self":[{"href":"https:\/\/podernacional.com\/index.php?rest_route=\/wp\/v2\/posts\/6125","targetHints":{"allow":["GET"]}}],"collection":[{"href":"https:\/\/podernacional.com\/index.php?rest_route=\/wp\/v2\/posts"}],"about":[{"href":"https:\/\/podernacional.com\/index.php?rest_route=\/wp\/v2\/types\/post"}],"author":[{"embeddable":true,"href":"https:\/\/podernacional.com\/index.php?rest_route=\/wp\/v2\/users\/1"}],"replies":[{"embeddable":true,"href":"https:\/\/podernacional.com\/index.php?rest_route=%2Fwp%2Fv2%2Fcomments&post=6125"}],"version-history":[{"count":0,"href":"https:\/\/podernacional.com\/index.php?rest_route=\/wp\/v2\/posts\/6125\/revisions"}],"wp:featuredmedia":[{"embeddable":true,"href":"https:\/\/podernacional.com\/index.php?rest_route=\/wp\/v2\/media\/6127"}],"wp:attachment":[{"href":"https:\/\/podernacional.com\/index.php?rest_route=%2Fwp%2Fv2%2Fmedia&parent=6125"}],"wp:term":[{"taxonomy":"category","embeddable":true,"href":"https:\/\/podernacional.com\/index.php?rest_route=%2Fwp%2Fv2%2Fcategories&post=6125"},{"taxonomy":"post_tag","embeddable":true,"href":"https:\/\/podernacional.com\/index.php?rest_route=%2Fwp%2Fv2%2Ftags&post=6125"}],"curies":[{"name":"wp","href":"https:\/\/api.w.org\/{rel}","templated":true}]}}