{"id":6146,"date":"2022-05-10T17:30:58","date_gmt":"2022-05-10T22:30:58","guid":{"rendered":"https:\/\/whatsappcancun.com\/?p=6146"},"modified":"2022-05-10T17:30:58","modified_gmt":"2022-05-10T22:30:58","slug":"mara-lezama-a-la-cabeza-de-encuestas-con-61-puntos-demotecnia","status":"publish","type":"post","link":"https:\/\/podernacional.com\/?p=6146","title":{"rendered":"Mara Lezama, a la cabeza de encuestas con 61 puntos: Demotecnia"},"content":{"rendered":"<figure class=\"wp-block-image size-full\"><figcaption>De acuerdo con el reporte de Demotecnia, Mara Lezama ganar\u00eda la gubernatura de Quintana Roo con el 57% de los votos.\u00a0<\/figcaption><\/figure>\n<p>De acuerdo con una encuesta levantada en vivienda entre el 29 de abril y el 1 de mayo por la encuestadora Demotecnia, empresa con m\u00e1s de 30 a\u00f1os de experiencia en estudios de mercado de opini\u00f3n p\u00fablica,\u00a0<strong>Mara Lezama<\/strong>, candidata a la gubernatura de\u00a0<strong>Quintana Roo<\/strong>\u00a0por la coalici\u00f3n Juntos Hacemos Historia, va a la cabeza en la contienda electoral.<\/p>\n<h2 id=\"h-asi-va-mara-lezama-de-cara-a-las-elecciones-2022-en-quintana-roo\">As\u00ed va\u00a0Mara Lezama\u00a0de cara a las elecciones 2022 en Quintana Roo<\/h2>\n<p>La encuesta, levantada mediante un muestreo sistem\u00e1tico y aleatorio, con mil entrevistas cara a cara, arroja 61 puntos porcentuales de intenci\u00f3n de voto a favor de\u00a0<strong>Mara Lezama<\/strong>, 42 puntos arriba de su m\u00e1s cercana competidora,\u00a0Laura Fern\u00e1ndez, candidata de la coalici\u00f3n Va por\u00a0<strong>Quintana Roo<\/strong>, conformada por el Partido Acci\u00f3n Nacional (PAN), el Partido de la Revoluci\u00f3n Democr\u00e1tica (PRD) y Confianza por\u00a0<strong>Quintana Roo<\/strong>, con el 19% de preferencias.<\/p>\n<p>De acuerdo con el reporte de Demotecnia, en el escenario electoral de participaci\u00f3n m\u00e1s probable,\u00a0<strong>Mara Lezama<\/strong>, candidata de Movimiento de Regeneraci\u00f3n Nacional (Morena), Partido Verde Ecologista de M\u00e9xico (PVEM) y Partido del Trabajo (PT), ganar\u00eda con al menos el 57% de los votos; en tanto que el segundo lugar corresponder\u00eda a Laura Fern\u00e1ndez, con el 20% de votos, y el tercer lugar para el candidato de Movimiento Ciudadano (MC), Jos\u00e9 Luis Pech, con el 17% de preferencias.<\/p>\n","protected":false},"excerpt":{"rendered":"<p>De acuerdo con el reporte de Demotecnia, Mara Lezama ganar\u00eda la gubernatura de Quintana Roo con el 57% de los votos.\u00a0 De acuerdo con una encuesta levantada en vivienda entre el 29 de abril y el 1 de mayo por la encuestadora Demotecnia, empresa con m\u00e1s de 30 a\u00f1os de experiencia en estudios de mercado [&hellip;]<\/p>\n","protected":false},"author":1,"featured_media":6148,"comment_status":"open","ping_status":"closed","sticky":false,"template":"","format":"standard","meta":{"footnotes":""},"categories":[6,9,10],"tags":[],"class_list":["post-6146","post","type-post","status-publish","format-standard","has-post-thumbnail","hentry","category-local","category-politica","category-quintana-roo"],"_links":{"self":[{"href":"https:\/\/podernacional.com\/index.php?rest_route=\/wp\/v2\/posts\/6146","targetHints":{"allow":["GET"]}}],"collection":[{"href":"https:\/\/podernacional.com\/index.php?rest_route=\/wp\/v2\/posts"}],"about":[{"href":"https:\/\/podernacional.com\/index.php?rest_route=\/wp\/v2\/types\/post"}],"author":[{"embeddable":true,"href":"https:\/\/podernacional.com\/index.php?rest_route=\/wp\/v2\/users\/1"}],"replies":[{"embeddable":true,"href":"https:\/\/podernacional.com\/index.php?rest_route=%2Fwp%2Fv2%2Fcomments&post=6146"}],"version-history":[{"count":0,"href":"https:\/\/podernacional.com\/index.php?rest_route=\/wp\/v2\/posts\/6146\/revisions"}],"wp:featuredmedia":[{"embeddable":true,"href":"https:\/\/podernacional.com\/index.php?rest_route=\/wp\/v2\/media\/6148"}],"wp:attachment":[{"href":"https:\/\/podernacional.com\/index.php?rest_route=%2Fwp%2Fv2%2Fmedia&parent=6146"}],"wp:term":[{"taxonomy":"category","embeddable":true,"href":"https:\/\/podernacional.com\/index.php?rest_route=%2Fwp%2Fv2%2Fcategories&post=6146"},{"taxonomy":"post_tag","embeddable":true,"href":"https:\/\/podernacional.com\/index.php?rest_route=%2Fwp%2Fv2%2Ftags&post=6146"}],"curies":[{"name":"wp","href":"https:\/\/api.w.org\/{rel}","templated":true}]}}