{"id":6227,"date":"2022-05-21T20:58:51","date_gmt":"2022-05-22T01:58:51","guid":{"rendered":"https:\/\/whatsappcancun.com\/?p=6227"},"modified":"2022-05-21T20:58:51","modified_gmt":"2022-05-22T01:58:51","slug":"precio-internacional-no-compensa-la-caida-en-volumen-de-envios-de-carne-argentina","status":"publish","type":"post","link":"https:\/\/podernacional.com\/?p=6227","title":{"rendered":"Precio internacional no compensa la ca\u00edda en volumen de env\u00edos de carne argentina"},"content":{"rendered":"<div class=\"entry-top galleryDesktop\">\n<div class=\"title\">\n<h4 style=\"text-align: center;\">Las exportaciones de carne vacuna son una muestra cabal de la paradoja argentina. Es que en un contexto internacional de precios r\u00e9cord y demanda creciente, el pa\u00eds no logra aprovechar su oportunidad y ampliar los mercados.<\/h4>\n<\/div>\n<\/div>\n<div class=\"nota-autor clearfix\">\n<div class=\"entry-author clearfix\">\n<address class=\"clearfix\">Las exportaciones de carne vacuna son una muestra cabal de la paradoja argentina. Es que en un contexto internacional de precios r\u00e9cord y demanda creciente, el pa\u00eds no logra aprovechar su oportunidad y ampliar los mercados.<\/p>\n<p>Seg\u00fan los datos difundidos el viernes pasado por el Instituto de Promoci\u00f3n de la Carne Vacuna Argentina (IPCVA) las exportaciones de carne bovina llegaron en el cuarto mes del a\u00f1o a 294.3 millones de d\u00f3lares, un 42.8% m\u00e1s que en abril de 2021, cuando totalizaron 206.1 millones.<\/p>\n<p>Pero medido en vol\u00famenes el mes pasado arroj\u00f3 ventas externas de cortes enfriados, congelados, y carne procesada por cerca de 40,000 toneladas peso producto de carne bovina y unas 6,700 toneladas de huesos bovinos. Esto represent\u00f3 una ca\u00edda del 9.4% en relaci\u00f3n marzo y de 7.7% si se lo compara con abril de 2021.<\/p>\n<p>Hay que recordar, adem\u00e1s, que en el marco de la pulseada con los productores ganaderos y exportadores, el Gobierno cerr\u00f3 gran parte del a\u00f1o las exportaciones para varios cortes, que afectaron principalmente a los env\u00edos a China. Todav\u00eda rigen restricciones para siete cortes populares parrilleros hasta diciembre de 2023.<\/p>\n<p>En estas condiciones, el sector c\u00e1rnico nacional gener\u00f3 exportaciones por 3,044 millones de d\u00f3lares entre mayo de 2021 y abril de 2022. Para encontrar un nivel superior hay que retrotraerse al 2019, cuando las ventas externas del sector superaron los 3,100 millones de d\u00f3lares.<\/p>\n<\/address>\n<\/div>\n<\/div>\n","protected":false},"excerpt":{"rendered":"<p>Las exportaciones de carne vacuna son una muestra cabal de la paradoja argentina. Es que en un contexto internacional de precios r\u00e9cord y demanda creciente, el pa\u00eds no logra aprovechar su oportunidad y ampliar los mercados. Las exportaciones de carne vacuna son una muestra cabal de la paradoja argentina. Es que en un contexto internacional [&hellip;]<\/p>\n","protected":false},"author":1,"featured_media":6229,"comment_status":"open","ping_status":"closed","sticky":false,"template":"","format":"standard","meta":{"footnotes":""},"categories":[4,5],"tags":[],"class_list":["post-6227","post","type-post","status-publish","format-standard","has-post-thumbnail","hentry","category-espectaculos","category-internacional"],"_links":{"self":[{"href":"https:\/\/podernacional.com\/index.php?rest_route=\/wp\/v2\/posts\/6227","targetHints":{"allow":["GET"]}}],"collection":[{"href":"https:\/\/podernacional.com\/index.php?rest_route=\/wp\/v2\/posts"}],"about":[{"href":"https:\/\/podernacional.com\/index.php?rest_route=\/wp\/v2\/types\/post"}],"author":[{"embeddable":true,"href":"https:\/\/podernacional.com\/index.php?rest_route=\/wp\/v2\/users\/1"}],"replies":[{"embeddable":true,"href":"https:\/\/podernacional.com\/index.php?rest_route=%2Fwp%2Fv2%2Fcomments&post=6227"}],"version-history":[{"count":0,"href":"https:\/\/podernacional.com\/index.php?rest_route=\/wp\/v2\/posts\/6227\/revisions"}],"wp:featuredmedia":[{"embeddable":true,"href":"https:\/\/podernacional.com\/index.php?rest_route=\/wp\/v2\/media\/6229"}],"wp:attachment":[{"href":"https:\/\/podernacional.com\/index.php?rest_route=%2Fwp%2Fv2%2Fmedia&parent=6227"}],"wp:term":[{"taxonomy":"category","embeddable":true,"href":"https:\/\/podernacional.com\/index.php?rest_route=%2Fwp%2Fv2%2Fcategories&post=6227"},{"taxonomy":"post_tag","embeddable":true,"href":"https:\/\/podernacional.com\/index.php?rest_route=%2Fwp%2Fv2%2Ftags&post=6227"}],"curies":[{"name":"wp","href":"https:\/\/api.w.org\/{rel}","templated":true}]}}