{"id":63,"date":"2020-06-02T19:01:50","date_gmt":"2020-06-02T19:01:50","guid":{"rendered":"http:\/\/whatsappcancun.com\/?p=63"},"modified":"2020-06-02T19:01:50","modified_gmt":"2020-06-02T19:01:50","slug":"justifica-monreal-viajes-de-amlo","status":"publish","type":"post","link":"https:\/\/podernacional.com\/?p=63","title":{"rendered":"Justifica Monreal viajes de AMLO"},"content":{"rendered":"\n<p>M\u00e9xico.-Ni tardo, ni perezoso el l\u00edder de Morena en el Senado, Ricardo Monreal, sali\u00f3 en defensa de las giras, que pese a la pandemia del Covid 19, emprendi\u00f3 el presiente Andr\u00e9s Manuel L\u00f3pez Obrador.<\/p>\n\n\n\n<p>Ricardo Monreal respald\u00f3 el derecho del presidente Andr\u00e9s Manuel L\u00f3pez Obrador a movilizarse con sus giras itinerantes, por el pa\u00eds, porque lo que intenta, dijo, con esto es reactivar la econom\u00eda.<\/p>\n\n\n\n<p>Afirm\u00f3 que no fue apresurada la decisi\u00f3n de reanudar sus viajes locales, porque como Comandante en jefe de los dos ej\u00e9rcitos que est\u00e1n al frente de la contingencia: el de batas blancas y el de uniformes verdes, grises y azules, necesita enviarles un mensaje de aliento solidario y al resto del pa\u00eds un mensaje de esperanza y confianza.<\/p>\n\n\n\n<p>\u201cTiene que dar el ejemplo de que es solidario con ellos. Si se quedar\u00e1 en Palacio encerrado tambi\u00e9n sufrir\u00eda cr\u00edticas de que el est\u00e1 resguardado con los mejores m\u00e9dicos, mientras la poblaci\u00f3n est\u00e1 al garete, a la buena de Dios\u201d.<\/p>\n\n\n\n<p>En conferencia de prensa en l\u00ednea asevero que a diferencia de otros pa\u00edses y puso como ejemplo el caso de Estados Unidos, en M\u00e9xico la crisis sanitaria por la pandemia de Covid-19 se ha manejado bien.<\/p>\n\n\n\n<p>El pa\u00eds, insisti\u00f3, ha caminado con mucha prudencia.<\/p>\n\n\n\n<p>\u201cNo tenemos revuelta social, salvo estas manifestaciones leg\u00edtimas de cl\u00e1xones y veh\u00edculos que se presentaron el s\u00e1bado, pero no tenemos revuelta social\u201d, apunt\u00f3.<\/p>\n\n\n\n<p>Ricardo Monreal anunci\u00f3 que continuar\u00e1 su di\u00e1logo con el bloque de contenci\u00f3n, para alcanzar los consensos que permitan realizar en la tercera semana de junio un periodo extraordinario de sesiones para aprobar 7 leyes que solicit\u00f3 el Consejo Coordinador Empresarial (CCE) para armonizar el marco normativo nacional con el T-MEC que entrar\u00e1 en vigor el 1\u00ba de julio pr\u00f3ximo.<\/p>\n","protected":false},"excerpt":{"rendered":"<p>M\u00e9xico.-Ni tardo, ni perezoso el l\u00edder de Morena en el Senado, Ricardo Monreal, sali\u00f3 en defensa de las giras, que pese a la pandemia del Covid 19, emprendi\u00f3 el presiente Andr\u00e9s Manuel L\u00f3pez Obrador. Ricardo Monreal respald\u00f3 el derecho del presidente Andr\u00e9s Manuel L\u00f3pez Obrador a movilizarse con sus giras itinerantes, por el pa\u00eds, porque [&hellip;]<\/p>\n","protected":false},"author":1,"featured_media":64,"comment_status":"open","ping_status":"open","sticky":false,"template":"","format":"standard","meta":{"footnotes":""},"categories":[7],"tags":[],"class_list":["post-63","post","type-post","status-publish","format-standard","has-post-thumbnail","hentry","category-nacional"],"_links":{"self":[{"href":"https:\/\/podernacional.com\/index.php?rest_route=\/wp\/v2\/posts\/63","targetHints":{"allow":["GET"]}}],"collection":[{"href":"https:\/\/podernacional.com\/index.php?rest_route=\/wp\/v2\/posts"}],"about":[{"href":"https:\/\/podernacional.com\/index.php?rest_route=\/wp\/v2\/types\/post"}],"author":[{"embeddable":true,"href":"https:\/\/podernacional.com\/index.php?rest_route=\/wp\/v2\/users\/1"}],"replies":[{"embeddable":true,"href":"https:\/\/podernacional.com\/index.php?rest_route=%2Fwp%2Fv2%2Fcomments&post=63"}],"version-history":[{"count":0,"href":"https:\/\/podernacional.com\/index.php?rest_route=\/wp\/v2\/posts\/63\/revisions"}],"wp:featuredmedia":[{"embeddable":true,"href":"https:\/\/podernacional.com\/index.php?rest_route=\/wp\/v2\/media\/64"}],"wp:attachment":[{"href":"https:\/\/podernacional.com\/index.php?rest_route=%2Fwp%2Fv2%2Fmedia&parent=63"}],"wp:term":[{"taxonomy":"category","embeddable":true,"href":"https:\/\/podernacional.com\/index.php?rest_route=%2Fwp%2Fv2%2Fcategories&post=63"},{"taxonomy":"post_tag","embeddable":true,"href":"https:\/\/podernacional.com\/index.php?rest_route=%2Fwp%2Fv2%2Ftags&post=63"}],"curies":[{"name":"wp","href":"https:\/\/api.w.org\/{rel}","templated":true}]}}