{"id":6323,"date":"2022-05-29T13:24:15","date_gmt":"2022-05-29T18:24:15","guid":{"rendered":"https:\/\/whatsappcancun.com\/?p=6323"},"modified":"2022-05-29T13:24:15","modified_gmt":"2022-05-29T18:24:15","slug":"checo-perez-rompe-en-llanto-durante-el-himno-nacional-de-mexico-tras-ganar-el-gp-de-monaco","status":"publish","type":"post","link":"https:\/\/podernacional.com\/?p=6323","title":{"rendered":"Checo P\u00e9rez rompe en llanto durante el Himno Nacional de M\u00e9xico tras ganar el GP de M\u00f3naco"},"content":{"rendered":"<h4 class=\"h2\" style=\"text-align: center;\">El piloto mexicano Checo P\u00e9rez no pudo contener las l\u00e1grimas al escuchar el Himno Nacional Mexicano tras haber ganado el Gran Premio de M\u00f3naco<\/h4>\n<div class=\"dfp-contenedor-imagen\">Ha sido un momento conmovedor.\u00a0<strong>Sergio P\u00e9rez<\/strong>\u00a0no pudo contener las l\u00e1grimas al escuchar el\u00a0<strong>Himno Nacional Mexicano<\/strong>\u00a0en el podio del\u00a0<strong>Gran Premio de M\u00f3naco<\/strong>.<\/p>\n<div id=\"taboola-mid-article-thumbnail\" class=\"trc_related_container trc_spotlight_widget trc_elastic trc_elastic_thumbnails-md1\" data-placement-name=\"Mid Article Thumbnail\">\n<div class=\"trc_rbox_container\">\n<div>\n<div id=\"trc_wrapper_76324\" class=\"trc_rbox thumbnails-md1 trc-content-sponsored \">\n<div id=\"trc_header_76324\" class=\"trc_rbox_header trc_rbox_border_elm\">\n<div class=\"trc_header_ext\">El piloto de\u00a0<strong>Red Bull<\/strong>\u00a0fue el ganador de la carrera en el\u00a0<strong>circuito urbano de Montecarlo<\/strong>\u00a0este domingo, que le permite llegar a tres victorias en la F\u00f3rmula 1 y consolidarse como el mexicano m\u00e1s ganador en la m\u00e1xima categor\u00eda del automovilismo.Luego de llegar en primer lugar a la meta, el tapat\u00edo subi\u00f3 al podio, donde lo acompa\u00f1aron\u00a0<strong>Carlos Sainz<\/strong>\u00a0(Ferrari) y\u00a0<strong>Max Verstappen<\/strong>\u00a0(Red Bull). Ah\u00ed entregaron los trofeos y despu\u00e9s se realiz\u00f3 la ceremonia de los himnos.<\/p>\n<p>El primero en escucharse fue el de\u00a0<strong>M\u00e9xico\u00a0<\/strong>y luego de Austria, pa\u00eds de donde es la escuder\u00eda Red Bull.<\/p>\n<\/div>\n<\/div>\n<\/div>\n<\/div>\n<\/div>\n<\/div>\n<\/div>\n<figure class=\"contenedor-ImagenArticulo\"><picture><source srcset=\"https:\/\/www.eluniversal.com.mx\/sites\/default\/files\/styles\/f27-273x210\/public\/2022\/05\/29\/lagrimas_checo_perez_gp_monaco.jpg?itok=couhJT7B\" media=\"(max-width:576px)\" \/><source srcset=\"https:\/\/www.eluniversal.com.mx\/sites\/default\/files\/styles\/f03-651x400\/public\/2022\/05\/29\/lagrimas_checo_perez_gp_monaco.jpg?itok=f6U6KFZA\" media=\"(max-width:780px)\" \/><source srcset=\"https:\/\/www.eluniversal.com.mx\/sites\/default\/files\/2022\/05\/29\/lagrimas_checo_perez_gp_monaco.jpg\" media=\"(max-width:1040px)\" \/><\/picture>\n<div id=\"standard_1\" class=\"st-placement standard_1 inImage\">\n<div class=\"st-adunit st-reset st-show\">\n<div class=\"st-adunit-ad st-reset\">\n<div class=\"st-display-render st-reset\">\n<div class=\"st-reset\">\n<div class=\"important-styled st-canvas-container open HalfPage display-standard fssquz2\">\n<div class=\"important-styled st-canvas-el fhxwyqa\">\n<div class=\"important-styled st-canvas-container undefined fssquz2\">\n<div class=\"important-styled st-canvas-el f14k0qt8\">\n<div class=\"important-styled st-canvas-container undefined fssquz2\">\n<div class=\"important-styled st-canvas-el f1e6ijw2\">\n<div class=\"important-styled f1185fd3\"><\/div>\n<\/div>\n<\/div>\n<\/div>\n<\/div>\n<\/div>\n<\/div>\n<\/div>\n<\/div>\n<\/div>\n<\/div>\n<\/div>\n<\/figure>\n","protected":false},"excerpt":{"rendered":"<p>El piloto mexicano Checo P\u00e9rez no pudo contener las l\u00e1grimas al escuchar el Himno Nacional Mexicano tras haber ganado el Gran Premio de M\u00f3naco Ha sido un momento conmovedor.\u00a0Sergio P\u00e9rez\u00a0no pudo contener las l\u00e1grimas al escuchar el\u00a0Himno Nacional Mexicano\u00a0en el podio del\u00a0Gran Premio de M\u00f3naco. El piloto de\u00a0Red Bull\u00a0fue el ganador de la carrera en [&hellip;]<\/p>\n","protected":false},"author":1,"featured_media":6325,"comment_status":"open","ping_status":"closed","sticky":false,"template":"","format":"standard","meta":{"footnotes":""},"categories":[3,4,5,6,7],"tags":[],"class_list":["post-6323","post","type-post","status-publish","format-standard","has-post-thumbnail","hentry","category-deportes","category-espectaculos","category-internacional","category-local","category-nacional"],"_links":{"self":[{"href":"https:\/\/podernacional.com\/index.php?rest_route=\/wp\/v2\/posts\/6323","targetHints":{"allow":["GET"]}}],"collection":[{"href":"https:\/\/podernacional.com\/index.php?rest_route=\/wp\/v2\/posts"}],"about":[{"href":"https:\/\/podernacional.com\/index.php?rest_route=\/wp\/v2\/types\/post"}],"author":[{"embeddable":true,"href":"https:\/\/podernacional.com\/index.php?rest_route=\/wp\/v2\/users\/1"}],"replies":[{"embeddable":true,"href":"https:\/\/podernacional.com\/index.php?rest_route=%2Fwp%2Fv2%2Fcomments&post=6323"}],"version-history":[{"count":0,"href":"https:\/\/podernacional.com\/index.php?rest_route=\/wp\/v2\/posts\/6323\/revisions"}],"wp:featuredmedia":[{"embeddable":true,"href":"https:\/\/podernacional.com\/index.php?rest_route=\/wp\/v2\/media\/6325"}],"wp:attachment":[{"href":"https:\/\/podernacional.com\/index.php?rest_route=%2Fwp%2Fv2%2Fmedia&parent=6323"}],"wp:term":[{"taxonomy":"category","embeddable":true,"href":"https:\/\/podernacional.com\/index.php?rest_route=%2Fwp%2Fv2%2Fcategories&post=6323"},{"taxonomy":"post_tag","embeddable":true,"href":"https:\/\/podernacional.com\/index.php?rest_route=%2Fwp%2Fv2%2Ftags&post=6323"}],"curies":[{"name":"wp","href":"https:\/\/api.w.org\/{rel}","templated":true}]}}