{"id":6377,"date":"2022-06-03T17:34:16","date_gmt":"2022-06-03T22:34:16","guid":{"rendered":"https:\/\/whatsappcancun.com\/?p=6377"},"modified":"2022-06-03T17:34:16","modified_gmt":"2022-06-03T22:34:16","slug":"amnistia-internacional-le-solicita-a-nayib-bukele-suspender-el-regimen-de-excepcion-en-el-salvador","status":"publish","type":"post","link":"https:\/\/podernacional.com\/?p=6377","title":{"rendered":"Amnist\u00eda Internacional le solicita a Nayib Bukele suspender el r\u00e9gimen de excepci\u00f3n en El Salvador"},"content":{"rendered":"<div class=\"news__excerpt\">\n<p>Un informe de Amnist\u00eda Internacional revel\u00f3 que el\u00a0r\u00e9gimen de excepci\u00f3n en El Salvador es un atentado contra los derechos humanos. La medida, que fue la respuesta del gobierno al repunte de violencia en marzo, ha dejado la captura de m\u00e1s de 36.000 personas, seg\u00fan las autoridades. Se le ha solicitado comentarios al gobierno pero a\u00fan no ha obtenido respuesta.<\/p>\n<\/div>\n","protected":false},"excerpt":{"rendered":"<p>Un informe de Amnist\u00eda Internacional revel\u00f3 que el\u00a0r\u00e9gimen de excepci\u00f3n en El Salvador es un atentado contra los derechos humanos. La medida, que fue la respuesta del gobierno al repunte de violencia en marzo, ha dejado la captura de m\u00e1s de 36.000 personas, seg\u00fan las autoridades. Se le ha solicitado comentarios al gobierno pero a\u00fan [&hellip;]<\/p>\n","protected":false},"author":1,"featured_media":6379,"comment_status":"open","ping_status":"closed","sticky":false,"template":"","format":"standard","meta":{"footnotes":""},"categories":[4,5],"tags":[],"class_list":["post-6377","post","type-post","status-publish","format-standard","has-post-thumbnail","hentry","category-espectaculos","category-internacional"],"_links":{"self":[{"href":"https:\/\/podernacional.com\/index.php?rest_route=\/wp\/v2\/posts\/6377","targetHints":{"allow":["GET"]}}],"collection":[{"href":"https:\/\/podernacional.com\/index.php?rest_route=\/wp\/v2\/posts"}],"about":[{"href":"https:\/\/podernacional.com\/index.php?rest_route=\/wp\/v2\/types\/post"}],"author":[{"embeddable":true,"href":"https:\/\/podernacional.com\/index.php?rest_route=\/wp\/v2\/users\/1"}],"replies":[{"embeddable":true,"href":"https:\/\/podernacional.com\/index.php?rest_route=%2Fwp%2Fv2%2Fcomments&post=6377"}],"version-history":[{"count":0,"href":"https:\/\/podernacional.com\/index.php?rest_route=\/wp\/v2\/posts\/6377\/revisions"}],"wp:featuredmedia":[{"embeddable":true,"href":"https:\/\/podernacional.com\/index.php?rest_route=\/wp\/v2\/media\/6379"}],"wp:attachment":[{"href":"https:\/\/podernacional.com\/index.php?rest_route=%2Fwp%2Fv2%2Fmedia&parent=6377"}],"wp:term":[{"taxonomy":"category","embeddable":true,"href":"https:\/\/podernacional.com\/index.php?rest_route=%2Fwp%2Fv2%2Fcategories&post=6377"},{"taxonomy":"post_tag","embeddable":true,"href":"https:\/\/podernacional.com\/index.php?rest_route=%2Fwp%2Fv2%2Ftags&post=6377"}],"curies":[{"name":"wp","href":"https:\/\/api.w.org\/{rel}","templated":true}]}}