{"id":639,"date":"2020-07-22T22:48:56","date_gmt":"2020-07-22T22:48:56","guid":{"rendered":"http:\/\/whatsappcancun.com\/?p=639"},"modified":"2020-07-22T22:48:56","modified_gmt":"2020-07-22T22:48:56","slug":"mayrin-villanueva-denuncia-hackeo-en-facebook","status":"publish","type":"post","link":"https:\/\/podernacional.com\/?p=639","title":{"rendered":"MAYR\u00cdN VILLANUEVA DENUNCIA HACKEO EN FACEBOOK"},"content":{"rendered":"\n<p>Mayr\u00edn Villanueva interrumpi\u00f3 sus acostumbrados posteos en las redes sociales para realizar una denuncia que alert\u00f3 a todos sus fan\u00e1ticos.&nbsp;<\/p>\n\n\n\n<p>A trav\u00e9s de las historias de Instagram, la actriz de \u201cVecinos\u201d expres\u00f3 su preocupaci\u00f3n ante sus casi dos millones de seguidores sobre el hackeo de su cuenta de Facebook.&nbsp;<\/p>\n\n\n\n<p>Por eso en la instant\u00e1nea colgada, sum\u00f3 la imagen que fue la evidencia sobre la usurpaci\u00f3n del perfil digital acompa\u00f1ada de un contundente mensaje de advertencia para los internautas.&nbsp;<\/p>\n\n\n\n<p>\u201c\u00a1Esto es falso! \u00a1Me hackearon Facebook! Yo no estoy pidiendo nada, por favor ay\u00fadenme a difundirlo\u201d.&nbsp;<\/p>\n\n\n\n<p>Sobre los detalles de los hechos, la int\u00e9rprete de \u201cSoltero con hijas\u201d indic\u00f3 en una entrevista para \u201cLas Estrellas\u201d que los piratas cibern\u00e9ticos solicitaban dinero a sus admiradores a cambio de convertirse en \u201ccolaboradores\u201d de ella.&nbsp;<\/p>\n\n\n\n<p>\u201cMe hackearon la cuenta de Facebook y a mis fans les est\u00e1n pidiendo dinero.&nbsp; Me di cuenta hace ratito porque me mand\u00f3 una fan un mensaje preguntando qu\u00e9 era lo que iba a hacer porque estaban muy interesados. Quiero que sepan que yo no estoy pidiendo dinero, lo que aparece es totalmente falso\u201d.&nbsp;<\/p>\n\n\n\n<p>Sin embargo, luego de las declaraciones de la actriz la publicaci\u00f3n desapareci\u00f3 de la plataforma quedando solo unas postales suyas subidas el pasado junio.&nbsp;<\/p>\n\n\n\n<p>Por otra parte, lejos de la desafortunada situaci\u00f3n Mayr\u00edn Villanueva deleit\u00f3 con unas fotograf\u00edas en la red de corazones del onceavo cumplea\u00f1os de su hija Julia. Junto a su esposo Eduardo Santamarina, su primog\u00e9nita Romina Poza y la agasajada, se dej\u00f3 ver disfrutando de lo que parec\u00eda ser una linda tarde de picnic en un parque.&nbsp;<a href=\"https:\/\/www.quequi.com.mx\/#facebook\" rel=\"noreferrer noopener\" target=\"_blank\">Facebook<\/a><a href=\"https:\/\/www.quequi.com.mx\/#twitter\" rel=\"noreferrer noopener\" target=\"_blank\">Twitter<\/a><a href=\"https:\/\/www.quequi.com.mx\/#whatsapp\" rel=\"noreferrer noopener\" target=\"_blank\">WhatsApp<\/a><a href=\"https:\/\/www.quequi.com.mx\/#telegram\" rel=\"noreferrer noopener\" target=\"_blank\">Telegram<\/a><a href=\"https:\/\/www.quequi.com.mx\/#copy_link\" rel=\"noreferrer noopener\" target=\"_blank\">Copy Link<\/a><a href=\"https:\/\/www.addtoany.com\/share#url=https%3A%2F%2Fwww.quequi.com.mx%2Fmayrin-villanueva-denuncia-hackeo-en-facebook%2F&amp;title=Mayr%C3%ADn%20Villanueva%20%20%20Denuncia%20hackeo%20en%20Facebook\">Compartir<\/a><\/p>\n","protected":false},"excerpt":{"rendered":"<p>Mayr\u00edn Villanueva interrumpi\u00f3 sus acostumbrados posteos en las redes sociales para realizar una denuncia que alert\u00f3 a todos sus fan\u00e1ticos.&nbsp; A trav\u00e9s de las historias de Instagram, la actriz de \u201cVecinos\u201d expres\u00f3 su preocupaci\u00f3n ante sus casi dos millones de seguidores sobre el hackeo de su cuenta de Facebook.&nbsp; Por eso en la instant\u00e1nea colgada, [&hellip;]<\/p>\n","protected":false},"author":1,"featured_media":640,"comment_status":"open","ping_status":"open","sticky":false,"template":"","format":"standard","meta":{"footnotes":""},"categories":[12],"tags":[],"class_list":["post-639","post","type-post","status-publish","format-standard","has-post-thumbnail","hentry","category-sin-categoria"],"_links":{"self":[{"href":"https:\/\/podernacional.com\/index.php?rest_route=\/wp\/v2\/posts\/639","targetHints":{"allow":["GET"]}}],"collection":[{"href":"https:\/\/podernacional.com\/index.php?rest_route=\/wp\/v2\/posts"}],"about":[{"href":"https:\/\/podernacional.com\/index.php?rest_route=\/wp\/v2\/types\/post"}],"author":[{"embeddable":true,"href":"https:\/\/podernacional.com\/index.php?rest_route=\/wp\/v2\/users\/1"}],"replies":[{"embeddable":true,"href":"https:\/\/podernacional.com\/index.php?rest_route=%2Fwp%2Fv2%2Fcomments&post=639"}],"version-history":[{"count":0,"href":"https:\/\/podernacional.com\/index.php?rest_route=\/wp\/v2\/posts\/639\/revisions"}],"wp:featuredmedia":[{"embeddable":true,"href":"https:\/\/podernacional.com\/index.php?rest_route=\/wp\/v2\/media\/640"}],"wp:attachment":[{"href":"https:\/\/podernacional.com\/index.php?rest_route=%2Fwp%2Fv2%2Fmedia&parent=639"}],"wp:term":[{"taxonomy":"category","embeddable":true,"href":"https:\/\/podernacional.com\/index.php?rest_route=%2Fwp%2Fv2%2Fcategories&post=639"},{"taxonomy":"post_tag","embeddable":true,"href":"https:\/\/podernacional.com\/index.php?rest_route=%2Fwp%2Fv2%2Ftags&post=639"}],"curies":[{"name":"wp","href":"https:\/\/api.w.org\/{rel}","templated":true}]}}