{"id":6425,"date":"2022-06-06T17:23:37","date_gmt":"2022-06-06T22:23:37","guid":{"rendered":"https:\/\/whatsappcancun.com\/?p=6425"},"modified":"2022-06-06T17:23:37","modified_gmt":"2022-06-06T22:23:37","slug":"lobo-es-campeon-de-liga-venom-internacional","status":"publish","type":"post","link":"https:\/\/podernacional.com\/?p=6425","title":{"rendered":"\u00a1LOBO ES CAMPE\u00d3N DE LIGA VENOM INTERNACIONAL!"},"content":{"rendered":"<p class=\"has-text-align-justify\"><strong>Lobo Estepario\u00a0<\/strong>contin\u00faa reafirmando su gran momento y ayer, en el\u00a0<strong>Forum Naucalpan<\/strong>, reciento que se encuentra en la entidad que lo vio crecer, se consagr\u00f3 campe\u00f3n de\u00a0<strong>Liga Venom Internacional<\/strong>, competencia que desarroll\u00f3 su segunda edici\u00f3n.<\/p>\n<p class=\"has-text-align-justify\">Llegada la tarde, el p\u00fablico que se hizo presente pudo disfrutar de un par de batallas de exhibici\u00f3n de los talentos del underground mexicano, adem\u00e1s de una gran presentaci\u00f3n a los jurados de la tarde:\u00a0<strong>Danger<\/strong>,<strong>\u00a0Eptos Uno<\/strong>\u00a0y<strong>\u00a0T-Killa<\/strong>.<\/p>\n<p class=\"has-text-align-justify\">Para levantar el t\u00edtulo que en 2021 consigui\u00f3\u00a0<strong>Dominic<\/strong>,\u00a0<strong>Lobo Estepario\u00a0<\/strong>elimin\u00f3 en primera ronda a\u00a0<strong>Piero Pistas<\/strong>, en cuartos de final a\u00a0<strong>Zasko Master<\/strong>, en semifinales a\u00a0<strong>Cacha<\/strong>, y en la gran final derrot\u00f3 a\u00a0<strong>Marithea<\/strong>, para de esta forma, quedarse con la segunda edici\u00f3n de este torneo.<\/p>\n<p class=\"has-text-align-justify\">Con esta victoria,<strong>\u00a0Lobo Estepario<\/strong>\u00a0contin\u00faa demostrando uno de sus mejores momentos a nivel individual. Tras este triunfo y su reciente clasificaci\u00f3n a la Gran Final de\u00a0<strong>FMS Internacional<\/strong>, el MC capitalino llegar\u00e1 con total motivaci\u00f3n a encarar la jornada 4 de\u00a0<strong>FMS M\u00e9xico<\/strong>\u00a0en su m\u00e1ximo nivel, en la b\u00fasqueda de refrendarse en lo m\u00e1s alto de la tabla, y buscar el tercer MVP al hilo. \u00bfLo conseguir\u00e1?<\/p>\n<p>&nbsp;<\/p>\n","protected":false},"excerpt":{"rendered":"<p>Lobo Estepario\u00a0contin\u00faa reafirmando su gran momento y ayer, en el\u00a0Forum Naucalpan, reciento que se encuentra en la entidad que lo vio crecer, se consagr\u00f3 campe\u00f3n de\u00a0Liga Venom Internacional, competencia que desarroll\u00f3 su segunda edici\u00f3n. Llegada la tarde, el p\u00fablico que se hizo presente pudo disfrutar de un par de batallas de exhibici\u00f3n de los talentos [&hellip;]<\/p>\n","protected":false},"author":1,"featured_media":6427,"comment_status":"open","ping_status":"closed","sticky":false,"template":"","format":"standard","meta":{"footnotes":""},"categories":[2,3,4,5,7],"tags":[],"class_list":["post-6425","post","type-post","status-publish","format-standard","has-post-thumbnail","hentry","category-cultural","category-deportes","category-espectaculos","category-internacional","category-nacional"],"_links":{"self":[{"href":"https:\/\/podernacional.com\/index.php?rest_route=\/wp\/v2\/posts\/6425","targetHints":{"allow":["GET"]}}],"collection":[{"href":"https:\/\/podernacional.com\/index.php?rest_route=\/wp\/v2\/posts"}],"about":[{"href":"https:\/\/podernacional.com\/index.php?rest_route=\/wp\/v2\/types\/post"}],"author":[{"embeddable":true,"href":"https:\/\/podernacional.com\/index.php?rest_route=\/wp\/v2\/users\/1"}],"replies":[{"embeddable":true,"href":"https:\/\/podernacional.com\/index.php?rest_route=%2Fwp%2Fv2%2Fcomments&post=6425"}],"version-history":[{"count":0,"href":"https:\/\/podernacional.com\/index.php?rest_route=\/wp\/v2\/posts\/6425\/revisions"}],"wp:featuredmedia":[{"embeddable":true,"href":"https:\/\/podernacional.com\/index.php?rest_route=\/wp\/v2\/media\/6427"}],"wp:attachment":[{"href":"https:\/\/podernacional.com\/index.php?rest_route=%2Fwp%2Fv2%2Fmedia&parent=6425"}],"wp:term":[{"taxonomy":"category","embeddable":true,"href":"https:\/\/podernacional.com\/index.php?rest_route=%2Fwp%2Fv2%2Fcategories&post=6425"},{"taxonomy":"post_tag","embeddable":true,"href":"https:\/\/podernacional.com\/index.php?rest_route=%2Fwp%2Fv2%2Ftags&post=6425"}],"curies":[{"name":"wp","href":"https:\/\/api.w.org\/{rel}","templated":true}]}}