{"id":6431,"date":"2022-06-06T17:38:57","date_gmt":"2022-06-06T22:38:57","guid":{"rendered":"https:\/\/whatsappcancun.com\/?p=6431"},"modified":"2022-06-06T17:38:57","modified_gmt":"2022-06-06T22:38:57","slug":"movilizacion-policiaca-en-la-sm-100-de-cancun-tras-reporte-de-personas-armadas","status":"publish","type":"post","link":"https:\/\/podernacional.com\/?p=6431","title":{"rendered":"Movilizaci\u00f3n policiaca en la Sm 100 de Canc\u00fan tras reporte de personas armadas"},"content":{"rendered":"<div>\n<div class=\"row m-b-15\">\n<div class=\"col-xs-12 col-sm-12 col-md-12 col-lg-12\">\n<h4 class=\"introduction\" style=\"text-align: center;\">Alrededor de las 14:30 horas, se activ\u00f3 el c\u00f3digo rojo entre las avenidas Jos\u00e9 L\u00f3pez Portillo, Chac Mool y Ruta 4.<\/h4>\n<\/div>\n<\/div>\n<\/div>\n<div class=\"row m-b-25\">\n<div class=\"col-xs-12 col-sm-12 col-md-12 col-lg-12 info-extra-new\">\n<p>La tarde de este domingo, se registr\u00f3 en la\u00a0<strong>supermanzana 100 de Canc\u00fan<\/strong>\u00a0una fuerte movilizaci\u00f3n policiaca luego del reporte de la presencia de personas armadas, entre las avenidas Jos\u00e9 L\u00f3pez Portillo, Chac Mool y Ruta 4.<\/p>\n<p>De acuerdo con la informaci\u00f3n preliminar, una pareja fue detenida y puesta en libertad minutos despu\u00e9s, quienes supuestamente eran militantes del Partido Verde Ecologista de M\u00e9xico (PVEM).<\/p>\n<p>Alrededor de las 14:30 horas se activ\u00f3 el c\u00f3digo rojo, cuando por medio del n\u00famero de emergencias 911 solicitaron la presencia de polic\u00edas en la ubicaci\u00f3n previamente mencionada, luego de que vecinos observaron a un\u00a0<strong>hombre y una mujer<\/strong>\u00a0<strong>portando presuntamente un arma de fuego<\/strong>.<\/p>\n<h2>Reportan personas armadas en la supermanzana 100 de Canc\u00fan<\/h2>\n<p>Elementos de la Polic\u00eda Municipal se movilizaron de inmediato en el sitio y desplegaron un r\u00e1pido operativo por la zona.<\/p>\n<p>En el lugar trascendi\u00f3 que una pareja fue asegurada por los uniformados, misma que fue trasladada a la base de Seguridad P\u00fablica y Tr\u00e1nsito, y presuntamente liberada tiempo despu\u00e9s.<\/p>\n<\/div>\n<\/div>\n","protected":false},"excerpt":{"rendered":"<p>Alrededor de las 14:30 horas, se activ\u00f3 el c\u00f3digo rojo entre las avenidas Jos\u00e9 L\u00f3pez Portillo, Chac Mool y Ruta 4. La tarde de este domingo, se registr\u00f3 en la\u00a0supermanzana 100 de Canc\u00fan\u00a0una fuerte movilizaci\u00f3n policiaca luego del reporte de la presencia de personas armadas, entre las avenidas Jos\u00e9 L\u00f3pez Portillo, Chac Mool y Ruta [&hellip;]<\/p>\n","protected":false},"author":1,"featured_media":6433,"comment_status":"open","ping_status":"closed","sticky":false,"template":"","format":"standard","meta":{"footnotes":""},"categories":[4,6,8,10],"tags":[],"class_list":["post-6431","post","type-post","status-publish","format-standard","has-post-thumbnail","hentry","category-espectaculos","category-local","category-policia","category-quintana-roo"],"_links":{"self":[{"href":"https:\/\/podernacional.com\/index.php?rest_route=\/wp\/v2\/posts\/6431","targetHints":{"allow":["GET"]}}],"collection":[{"href":"https:\/\/podernacional.com\/index.php?rest_route=\/wp\/v2\/posts"}],"about":[{"href":"https:\/\/podernacional.com\/index.php?rest_route=\/wp\/v2\/types\/post"}],"author":[{"embeddable":true,"href":"https:\/\/podernacional.com\/index.php?rest_route=\/wp\/v2\/users\/1"}],"replies":[{"embeddable":true,"href":"https:\/\/podernacional.com\/index.php?rest_route=%2Fwp%2Fv2%2Fcomments&post=6431"}],"version-history":[{"count":0,"href":"https:\/\/podernacional.com\/index.php?rest_route=\/wp\/v2\/posts\/6431\/revisions"}],"wp:featuredmedia":[{"embeddable":true,"href":"https:\/\/podernacional.com\/index.php?rest_route=\/wp\/v2\/media\/6433"}],"wp:attachment":[{"href":"https:\/\/podernacional.com\/index.php?rest_route=%2Fwp%2Fv2%2Fmedia&parent=6431"}],"wp:term":[{"taxonomy":"category","embeddable":true,"href":"https:\/\/podernacional.com\/index.php?rest_route=%2Fwp%2Fv2%2Fcategories&post=6431"},{"taxonomy":"post_tag","embeddable":true,"href":"https:\/\/podernacional.com\/index.php?rest_route=%2Fwp%2Fv2%2Ftags&post=6431"}],"curies":[{"name":"wp","href":"https:\/\/api.w.org\/{rel}","templated":true}]}}