{"id":6480,"date":"2022-06-08T00:53:02","date_gmt":"2022-06-08T00:53:02","guid":{"rendered":"https:\/\/whatsappmexico.com\/?p=6480"},"modified":"2022-06-08T00:53:02","modified_gmt":"2022-06-08T00:53:02","slug":"fue-una-falta-de-respeto-sam-fender-se-disculpa-por-foto-con-johnny-depp","status":"publish","type":"post","link":"https:\/\/podernacional.com\/?p=6480","title":{"rendered":"\u2018FUE UNA FALTA DE RESPETO\u2019: SAM FENDER SE DISCULPA POR FOTO CON JOHNNY DEPP"},"content":{"rendered":"<p>\u2018Fue una falta de respeto\u2019: Sam Fender se disculpa por foto con Johnny Depp\u00a0el pasado 1 de junio.<\/p>\n<p>\u2018Verdaderos h\u00e9roes\u2019, escribi\u00f3 en una fotograf\u00eda con Johnny Depp<\/p>\n<p>El public\u00f3 una fotograf\u00eda con el guitarrista Jeff Beck y Johnny Depp donde los llamaba \u201cverdaderos h\u00e9roes\u201d.<\/p>\n<p>La imagen se tom\u00f3 y divulg\u00f3 en la red social de Fender el mismo d\u00eda que el actor \u00a0recibi\u00f3 el veredicto de un jurado en Virginia, Estados Unidos.<\/p>\n<p>Sam Fender se disculpa por foto con Johnny Depp.<\/p>\n<p>Tras seis semanas del llamado \u2018juicio del siglo\u2019 contra su exesposa, la actriz <a href=\"https:\/\/twitter.com\/realamberheard?lang=es\"><u>Amber Heard<\/u><\/a>, en el cual se acusaron mutuamente de violencia dom\u00e9stica.<\/p>\n<h4>En la corte se determin\u00f3 que ella deb\u00eda pagarle poco m\u00e1s de 10 millones de d\u00f3lares por difamarlo.<\/h4>\n<p>El art\u00edculo que escribi\u00f3 en 2018 en <a href=\"https:\/\/twitter.com\/washingtonpost\">The Washington Post<\/a>, mientras que \u00e9l a su vez deb\u00eda darle 2 millones por declaraciones que la difamaron en una ocasi\u00f3n.<\/p>\n<p>Johnny Depp no asisti\u00f3 al Tribunal de Circuito del Condado de Fairfax, Virginia por compromisos.<\/p>\n<p>Aunque su equipo asegur\u00f3 que se mantendr\u00eda al pendiente en Reino Unido sobre la decisi\u00f3n del jurado.<\/p>\n<p>El actor fue visto en saliendo del bar The Bridge Tavern, donde hab\u00eda estado con Fender y Beck.<\/p>\n<p>Sam Fender public\u00f3 una historia de Instagram con Johnny Deep.<\/p>\n<p>\u2018Estaba muy mal informado\u2019: Sam Fender<\/p>\n<p>Aunque la fotograf\u00eda de Sam Fender y Johnny Depp desapareci\u00f3 de las historias de Instagram.<\/p>\n<p>Aun circula en redes sociales como captura de pantalla y recibi\u00f3 cr\u00edticas por el contexto en el que fue publicada.<\/p>\n<p>El cantante escribi\u00f3 este s\u00e1bado: \u201cQuiero disculparme\u201d.<\/p>\n<p>Me invitaron a conocer brevemente a una leyenda de la m\u00fasica y a un actor que ha salido en casi todas las pel\u00edculas que he visto crecer.<\/p>\n<p>Fui, charlamos de m\u00fasica y sin pensarlo hice una foto y la publiqu\u00e9 porque era bastante surrealista\u201d.<\/p>\n<p>Asimismo, explic\u00f3 que us\u00f3 el t\u00e9rmino \u2018h\u00e9roes\u2019 en referencia a sus carreras, pero en el contexto del juicio \u201cestaba muy mal informado\u201d.<\/p>\n<p>\u201cAhora me doy cuenta de que fue una mala elecci\u00f3n de las palabras y del momento, pero eso es irrelevante\u201d.<\/p>\n<p>Fue una ingenuidad y una falta de respeto hacia quienes se relacionan con cualquiera de los temas.<\/p>\n<p>No lo pens\u00e9 bien y deber\u00eda haberlo hecho.<\/p>\n<p>Realmente no puedo decir nada m\u00e1s que fue mal juzgado y que fui ignorante con respecto a los juicios en su conjunto, y sin pensar en lo que mi post podr\u00eda implicar\u201d.<\/p>\n<p>&nbsp;<\/p>\n","protected":false},"excerpt":{"rendered":"<p>\u2018Fue una falta de respeto\u2019: Sam Fender se disculpa por foto con Johnny Depp\u00a0el pasado 1 de junio. \u2018Verdaderos h\u00e9roes\u2019, escribi\u00f3 en una fotograf\u00eda con Johnny Depp El public\u00f3 una fotograf\u00eda con el guitarrista Jeff Beck y Johnny Depp donde los llamaba \u201cverdaderos h\u00e9roes\u201d. La imagen se tom\u00f3 y divulg\u00f3 en la red social de [&hellip;]<\/p>\n","protected":false},"author":1,"featured_media":6481,"comment_status":"open","ping_status":"open","sticky":false,"template":"","format":"standard","meta":{"footnotes":""},"categories":[4,5],"tags":[],"class_list":["post-6480","post","type-post","status-publish","format-standard","has-post-thumbnail","hentry","category-espectaculos","category-internacional"],"_links":{"self":[{"href":"https:\/\/podernacional.com\/index.php?rest_route=\/wp\/v2\/posts\/6480","targetHints":{"allow":["GET"]}}],"collection":[{"href":"https:\/\/podernacional.com\/index.php?rest_route=\/wp\/v2\/posts"}],"about":[{"href":"https:\/\/podernacional.com\/index.php?rest_route=\/wp\/v2\/types\/post"}],"author":[{"embeddable":true,"href":"https:\/\/podernacional.com\/index.php?rest_route=\/wp\/v2\/users\/1"}],"replies":[{"embeddable":true,"href":"https:\/\/podernacional.com\/index.php?rest_route=%2Fwp%2Fv2%2Fcomments&post=6480"}],"version-history":[{"count":0,"href":"https:\/\/podernacional.com\/index.php?rest_route=\/wp\/v2\/posts\/6480\/revisions"}],"wp:featuredmedia":[{"embeddable":true,"href":"https:\/\/podernacional.com\/index.php?rest_route=\/wp\/v2\/media\/6481"}],"wp:attachment":[{"href":"https:\/\/podernacional.com\/index.php?rest_route=%2Fwp%2Fv2%2Fmedia&parent=6480"}],"wp:term":[{"taxonomy":"category","embeddable":true,"href":"https:\/\/podernacional.com\/index.php?rest_route=%2Fwp%2Fv2%2Fcategories&post=6480"},{"taxonomy":"post_tag","embeddable":true,"href":"https:\/\/podernacional.com\/index.php?rest_route=%2Fwp%2Fv2%2Ftags&post=6480"}],"curies":[{"name":"wp","href":"https:\/\/api.w.org\/{rel}","templated":true}]}}