{"id":6482,"date":"2022-06-08T00:27:33","date_gmt":"2022-06-08T00:27:33","guid":{"rendered":"https:\/\/whatsappmexico.com\/?p=6482"},"modified":"2022-06-08T00:27:33","modified_gmt":"2022-06-08T00:27:33","slug":"incorporan-a-jovenes-en-la-estrategia-de-constructores-de-paz","status":"publish","type":"post","link":"https:\/\/podernacional.com\/?p=6482","title":{"rendered":"INCORPORAN A J\u00d3VENES EN LA ESTRATEGIA DE CONSTRUCTORES DE PAZ"},"content":{"rendered":"<p>En Sinaloa, incorporan a j\u00f3venes en la estrategia de Constructores de Paz, principalmente para evitar que caigan en garras de la delincuencia.<\/p>\n<p>Tambi\u00e9n para\u00a0brindar capacitaci\u00f3n para el trabajo a j\u00f3venes desempleados que no estudian, y\u00a0evitar que\u00a0puedan ser \u201cenganchados\u201d por bandas de la delincuencia organizada.<\/p>\n<p>El gobernador <a href=\"https:\/\/www.facebook.com\/RochaMoyaR\">Rub\u00e9n Rocha Moya<\/a> y la secretaria de Seguridad P\u00fablica y Protecci\u00f3n Ciudadana, <a href=\"https:\/\/twitter.com\/rosaicela_\">Rosa Icela Rodr\u00edguez Vel\u00e1zquez<\/a>, pusieron en marcha la Estrategia de Constructores de Paz.<\/p>\n<p>Consiste en reforzar el programa ya existente de J\u00f3venes Construyendo el Futuro, el cual se llevar\u00e1 a los centros penitenciarios.<\/p>\n<p>&nbsp;<\/p>\n<h5>Incorporan a j\u00f3venes en la estrategia de Constructores de Paz<\/h5>\n<p>&nbsp;<\/p>\n<p>Para incorporar a j\u00f3venes que est\u00e9n por\u00a0cumplir sus condenas, y al reincorporarse a la sociedad lo hagan con una beca de capacitaci\u00f3n.<\/p>\n<p>Este programa se puso en marcha en una de las colonias emblem\u00e1ticas de Culiac\u00e1n, como es la 21 de Marzo, al sur de la ciudad.<\/p>\n<p>El programa consiste en otorgar a los j\u00f3venes en esta situaci\u00f3n una beca de 5 mil 258 pesos mensuales, equivalentes\u00a0al salario m\u00ednimo general.<\/p>\n<p>Para que durante un a\u00f1o reciban capacitaci\u00f3n para el trabajo, a fin de que obtengan las herramientas para desempe\u00f1ar un oficio y devengar un salario.<\/p>\n<p>El Gobernador destac\u00f3 que parte de esta Estrategia de Constructores de Paz es llevar el Programa J\u00f3venes Construyendo el Futuro a los centros penitenciarios.<\/p>\n<p>Incorporan a j\u00f3venes en la estrategia de Constructores de Paz\u00a0para que\u00a0internos\u00a0puedan\u00a0incorporarse \u00a0a la vida productiva de manera honesta.<\/p>\n<p>Cu\u00e1ntos chavos van a la c\u00e1rcel, que est\u00e1n en la edad cuando salen, est\u00e1 programado para que trabajemos con ellos incluso en el propio reclusorio.<\/p>\n<p>Decirles, \u201ct\u00fa vas a salir en tanto tiempo, sigues siendo un joven y tienes una oportunidad de que tengas trabajo\u201d, dijo\u00a0el Gobernador.<\/p>\n","protected":false},"excerpt":{"rendered":"<p>En Sinaloa, incorporan a j\u00f3venes en la estrategia de Constructores de Paz, principalmente para evitar que caigan en garras de la delincuencia. Tambi\u00e9n para\u00a0brindar capacitaci\u00f3n para el trabajo a j\u00f3venes desempleados que no estudian, y\u00a0evitar que\u00a0puedan ser \u201cenganchados\u201d por bandas de la delincuencia organizada. El gobernador Rub\u00e9n Rocha Moya y la secretaria de Seguridad P\u00fablica [&hellip;]<\/p>\n","protected":false},"author":1,"featured_media":6483,"comment_status":"open","ping_status":"open","sticky":false,"template":"","format":"standard","meta":{"footnotes":""},"categories":[7,9,1],"tags":[],"class_list":["post-6482","post","type-post","status-publish","format-standard","has-post-thumbnail","hentry","category-nacional","category-politica","category-uncategorized"],"_links":{"self":[{"href":"https:\/\/podernacional.com\/index.php?rest_route=\/wp\/v2\/posts\/6482","targetHints":{"allow":["GET"]}}],"collection":[{"href":"https:\/\/podernacional.com\/index.php?rest_route=\/wp\/v2\/posts"}],"about":[{"href":"https:\/\/podernacional.com\/index.php?rest_route=\/wp\/v2\/types\/post"}],"author":[{"embeddable":true,"href":"https:\/\/podernacional.com\/index.php?rest_route=\/wp\/v2\/users\/1"}],"replies":[{"embeddable":true,"href":"https:\/\/podernacional.com\/index.php?rest_route=%2Fwp%2Fv2%2Fcomments&post=6482"}],"version-history":[{"count":0,"href":"https:\/\/podernacional.com\/index.php?rest_route=\/wp\/v2\/posts\/6482\/revisions"}],"wp:featuredmedia":[{"embeddable":true,"href":"https:\/\/podernacional.com\/index.php?rest_route=\/wp\/v2\/media\/6483"}],"wp:attachment":[{"href":"https:\/\/podernacional.com\/index.php?rest_route=%2Fwp%2Fv2%2Fmedia&parent=6482"}],"wp:term":[{"taxonomy":"category","embeddable":true,"href":"https:\/\/podernacional.com\/index.php?rest_route=%2Fwp%2Fv2%2Fcategories&post=6482"},{"taxonomy":"post_tag","embeddable":true,"href":"https:\/\/podernacional.com\/index.php?rest_route=%2Fwp%2Fv2%2Ftags&post=6482"}],"curies":[{"name":"wp","href":"https:\/\/api.w.org\/{rel}","templated":true}]}}