{"id":6487,"date":"2022-06-08T02:38:36","date_gmt":"2022-06-08T02:38:36","guid":{"rendered":"https:\/\/whatsappmexico.com\/?p=6487"},"modified":"2022-06-08T02:38:36","modified_gmt":"2022-06-08T02:38:36","slug":"la-cumbre-de-las-americas-es-desafiada-por-la-caravana-migrante","status":"publish","type":"post","link":"https:\/\/podernacional.com\/?p=6487","title":{"rendered":"La Cumbre de las Am\u00e9ricas\u00a0es desafiada por la caravana migrante"},"content":{"rendered":"<p>La Cumbre de las Am\u00e9ricas\u00a0es desafiada por la caravana migrante<\/p>\n<p>Miles de migrantes emprenden un \u00e9xodo comunitario desde la frontera con Guatemala, mientras los l\u00edderes regionales debaten su situaci\u00f3n en Los \u00c1ngeles.<\/p>\n<p>La caravana que sali\u00f3 el pasado lunes de Tapachula, junto a la frontera con Guatemala.<\/p>\n<h4>Los convocantes hablan de m\u00e1s de 15.000, lo cual la cumbre de las Am\u00e9ricas es desafiada por la caravana migrante.<\/h4>\n<p>Las autoridades migratorias mexicanas lo rebajan a 7.000. Aunque se suelen dividir en alg\u00fan punto de la extenuante ruta.<\/p>\n<p>Este grupo de migrantes, ha coincidido con la inauguraci\u00f3n de la Cumbre de las Am\u00e9ricas, aunque es el m\u00e1s numeroso que se recuerda.<\/p>\n<p>Con la esperanza de llamar la atenci\u00f3n de los l\u00edderes regionales reunidos en Los \u00c1ngeles, la marea humana avanza hacia la frontera con EEUU. A\u00a0m\u00e1s de 3.000 km de distancia.<\/p>\n<h4>Dejan atr\u00e1s Tapachula, lo cual La Cumbre de las Am\u00e9ricas\u00a0es desafiada por la caravana migrante.<\/h4>\n<p>Se calcula que hay 35.000 varados en esta localidad de 300.000 habitantes.<\/p>\n<p>Por lo que la urbe fronteriza se ha convertido en una olla a presi\u00f3n de la que salen regularmente caravanas migrantes, aunque son disueltas por la fuerza.<\/p>\n<p>La caravana que desaf\u00eda a la Cumbre de las Am\u00e9ricas no ha sufrido contratiempo, pero sus organizadores desconf\u00edan de las apariencias.<\/p>\n<p>Es necesario que esta crisis migratoria se atienda conforme a la ley,\u00a0 ademas de visas humanitarias por un a\u00f1o ya v\u00e1lidas en territorio nacional, ha exigido Luis Rey Garc\u00eda Villagr\u00e1n.<\/p>\n<p>Seg\u00fan ha detallado el activista, en el grupo viajan m\u00e1s de 5.000 familias, 93 mujeres embarazadas.<\/p>\n<p>A diferencia de otras convocatorias, en las que hondure\u00f1os, haitianos y salvadore\u00f1os eran las nacionalidades mayoritarias, hoy hay 80%\u00a0 venezolanos.<\/p>\n<p>Sus condiciones de viaje han empeorado enormemente desde que M\u00e9xico cambi\u00f3 los requisitos de entrada y les empez\u00f3 a reclamar visas para ingresar al pa\u00eds.<\/p>\n<p>Las autoridades guatemaltecas tambi\u00e9n han detectado un importante aumento de pandilleros salvadore\u00f1os.<\/p>\n<p>Ellos tratan de cruzar la frontera para escapar de la persecuci\u00f3n que ha desatado el presidente Nayib Bukele.<\/p>\n<p>El primer objetivo de la Caravana ser\u00e1 alcanzar la Ciudad de M\u00e9xico, donde prev\u00e9n denunciar ante las INM los retrasos en la resoluci\u00f3n de sus tr\u00e1mites migratorios.<\/p>\n<h4>El portavoz de &#8216;Pueblos sin Fronteras&#8217;, Irineo M\u00fajica, est\u00e1 en comunicaci\u00f3n constante con los organizadores de la Caravana.<\/h4>\n<p>\u00abEl gobierno mexicano no puede tener a tantas personas transitando por las carreteras, creo que llegar\u00e1n a un acuerdo para poder solucionar esta problem\u00e1tica\u00bb.<\/p>\n<p>Esperemos que el Gobierno les d\u00e9 la oportunidad de regularizarse y no los deje caminar hasta la capital.<\/p>\n<p>Con\u00a0la creciente militarizaci\u00f3n del territorio y los retrasos en la tramitaci\u00f3n de las visas, los migrantes enfrentan otro grave problema al llegar a la frontera norte: el pol\u00e9mico T\u00edtulo 42.<\/p>\n<p>Esta reforma de ley de Salud P\u00fablica estadounidense, implementada en tiempos de Donald Trump, se plante\u00f3 como una medida para detener la propagaci\u00f3n del coronavirus.<\/p>\n<p>Pero ha terminado convirti\u00e9ndose en una restricci\u00f3n del derecho al asilo: los agentes fronterizos tienen derecho a expulsar de forma inmediata a los migrantes irregulares. A\u00a0excepci\u00f3n de los menores no acompa\u00f1ados.<\/p>\n<p>Seg\u00fan datos de la Oficina de Aduanas y Protecci\u00f3n de Fronteras, casi dos millones de personas han sido deportadas desde que entr\u00f3 en vigor el T\u00edtulo 42.y 3.000 ni\u00f1os.<\/p>\n<p>Desde hace casi dos a\u00f1os, este &#8216;muro burocr\u00e1tico&#8217; ha sido el responsable de que M\u00e9xico registre unas cifras r\u00e9cord en materia migratoria:<\/p>\n<p>En el 2021 tuvo su cifra m\u00e1s alta de detenciones, con 307.569 migrantes, y tambi\u00e9n de peticiones de asilo, con 130.863, convirti\u00e9ndose en el tercer pa\u00eds, seg\u00fan ACNUR.<\/p>\n<p><a href=\"https:\/\/twitter.com\/lopezobrador_\">Andr\u00e9s Manuel L\u00f3pez Obrador<\/a>, ha esperado al mismo d\u00eda que se inauguraba el encuentro para rechazar la invitaci\u00f3n.<\/p>\n<p>Porque no se invita a todos los pa\u00edses de Am\u00e9rica\u00bb, seg\u00fan ha explicado, en referencia a las sonadas exclusiones de Nicaragua, Cuba y Venezuela.<\/p>\n<p>El l\u00edder mexicano ha calificado de \u00abgenocidio\u00bb el bloqueo que sufre el pueblo cubano y ha advertido que no aceptar\u00e1 \u00abhegemon\u00eda de China, ni de Rusia, ni de EEUU.<\/p>\n<p>&nbsp;<\/p>\n","protected":false},"excerpt":{"rendered":"<p>La Cumbre de las Am\u00e9ricas\u00a0es desafiada por la caravana migrante Miles de migrantes emprenden un \u00e9xodo comunitario desde la frontera con Guatemala, mientras los l\u00edderes regionales debaten su situaci\u00f3n en Los \u00c1ngeles. La caravana que sali\u00f3 el pasado lunes de Tapachula, junto a la frontera con Guatemala. Los convocantes hablan de m\u00e1s de 15.000, lo [&hellip;]<\/p>\n","protected":false},"author":1,"featured_media":6489,"comment_status":"open","ping_status":"open","sticky":false,"template":"","format":"standard","meta":{"footnotes":""},"categories":[4,5],"tags":[],"class_list":["post-6487","post","type-post","status-publish","format-standard","has-post-thumbnail","hentry","category-espectaculos","category-internacional"],"_links":{"self":[{"href":"https:\/\/podernacional.com\/index.php?rest_route=\/wp\/v2\/posts\/6487","targetHints":{"allow":["GET"]}}],"collection":[{"href":"https:\/\/podernacional.com\/index.php?rest_route=\/wp\/v2\/posts"}],"about":[{"href":"https:\/\/podernacional.com\/index.php?rest_route=\/wp\/v2\/types\/post"}],"author":[{"embeddable":true,"href":"https:\/\/podernacional.com\/index.php?rest_route=\/wp\/v2\/users\/1"}],"replies":[{"embeddable":true,"href":"https:\/\/podernacional.com\/index.php?rest_route=%2Fwp%2Fv2%2Fcomments&post=6487"}],"version-history":[{"count":0,"href":"https:\/\/podernacional.com\/index.php?rest_route=\/wp\/v2\/posts\/6487\/revisions"}],"wp:featuredmedia":[{"embeddable":true,"href":"https:\/\/podernacional.com\/index.php?rest_route=\/wp\/v2\/media\/6489"}],"wp:attachment":[{"href":"https:\/\/podernacional.com\/index.php?rest_route=%2Fwp%2Fv2%2Fmedia&parent=6487"}],"wp:term":[{"taxonomy":"category","embeddable":true,"href":"https:\/\/podernacional.com\/index.php?rest_route=%2Fwp%2Fv2%2Fcategories&post=6487"},{"taxonomy":"post_tag","embeddable":true,"href":"https:\/\/podernacional.com\/index.php?rest_route=%2Fwp%2Fv2%2Ftags&post=6487"}],"curies":[{"name":"wp","href":"https:\/\/api.w.org\/{rel}","templated":true}]}}