{"id":650,"date":"2020-07-22T23:19:03","date_gmt":"2020-07-22T23:19:03","guid":{"rendered":"http:\/\/whatsappcancun.com\/?p=650"},"modified":"2020-07-22T23:19:03","modified_gmt":"2020-07-22T23:19:03","slug":"los-siete-nuevos-sintomas-del-coronavirus","status":"publish","type":"post","link":"https:\/\/podernacional.com\/?p=650","title":{"rendered":"LOS SIETE NUEVOS S\u00cdNTOMAS DEL CORONAVIRUS"},"content":{"rendered":"\n<p>Despu\u00e9s de varios meses de estudio, la Organizaci\u00f3n Mundial de la Salud (OMS) decret\u00f3 que<strong>&nbsp;los&nbsp;<a href=\"https:\/\/www.marca.com\/claro-mx\/trending\/coronavirus\/2020\/05\/21\/5ec6dc5246163f00518b45fc.html\" target=\"_blank\" rel=\"noreferrer noopener\">principales s\u00edntomas del coronavirus<\/a>&nbsp;son tos seca, dificultad pararespirar, fiebre y diarrea,<\/strong>&nbsp;pero en los \u00faltimos d\u00edas,&nbsp;<strong>nuevos indicios han sido asociados a esta enfermedad.<\/strong><\/p>\n\n\n\n<p><strong><a href=\"https:\/\/www.marca.com\/claro-mx\/trending\/2020\/04\/05\/5e8a0c5e268e3e17448b45dd.html\" target=\"_blank\" rel=\"noreferrer noopener\">Los tres s\u00edntomas m\u00e1s habituales del Covid<\/a>\u2013<a href=\"https:\/\/www.marca.com\/claro-mx\/trending\/2020\/04\/05\/5e8a0c5e268e3e17448b45dd.html\" target=\"_blank\" rel=\"noreferrer noopener\">19 son fiebre, tos seca y cansancio,<\/a><\/strong>&nbsp;pero&nbsp;<strong>algunos pacientes han presentado -en menor medida- los siguientes signos:<\/strong><\/p>\n\n\n\n<h3 class=\"wp-block-heading\">Nuevos s\u00edntomas del Covid-19<\/h3>\n\n\n\n<ol class=\"wp-block-list\"><li>Dolores y molestias<\/li><li>Congesti\u00f3n nasal, dolor de cabeza<\/li><li>Conjuntivitis<\/li><li>Dolor de garganta<\/li><li>P\u00e9rdida del gusto o el olfato<\/li><li>Erupciones cut\u00e1neas<\/li><li>Cambios de color en los dedos de las manos o los pies<\/li><\/ol>\n\n\n\n<p><strong>Estos s\u00edntomas han sido leves y comenzaron a presentarse en los contagiados de manera gradual.<\/strong>&nbsp;Incluso, en algunas personas fueron apenas perceptibles.<\/p>\n\n\n\n<p>A pesar de esto,&nbsp;<strong>varios pa\u00edses ya se encuentran a punto de encontrar la vacuna<\/strong>&nbsp;para frenar esta pandemia. De hecho,&nbsp;<strong><a href=\"https:\/\/www.marca.com\/claro-mx\/trending\/coronavirus\/2020\/07\/15\/5f0e7e9a268e3e686a8b45ab.html\" target=\"_blank\" rel=\"noreferrer noopener\">Estados Unidos obtuvo resultados positivos en las primeras pruebas.<\/a><\/strong>&nbsp;Esto ser\u00eda la mejor noticia que recibir\u00eda el mundo ya que, de acuerdo al conteo de la Universidad Johns Hopkins, en todo el planeta hay 13.405.694 contagios y 580.552 muertes por coronavirus.<\/p>\n\n\n\n<h3 class=\"wp-block-heading\">Preguntas y respuestas sobre el coronavirus en M\u00e9xico<\/h3>\n\n\n\n<p><strong>\u00bfA qu\u00e9 n\u00famero puedo marcar si presento s\u00edntomas de coronavirus?<\/strong><\/p>\n\n\n\n<p>Si vives en la&nbsp;<strong>Ciudad de M\u00e9xico,<\/strong>&nbsp;puedes reportar los s\u00edntomas de Covid-19 al&nbsp;<strong>Locatel: 555 658 1111 o enviando un SMS al 51515 con la palabra covid19.<\/strong><\/p>\n\n\n\n<p>Asimismo, el n\u00famero nacional 911 puede atender emergencias y transferir casos sospechosos al&nbsp;<strong>\u00e1rea especializada de cada estado de la Rep\u00fablica.<\/strong><\/p>\n\n\n\n<p><strong>\u00bfQu\u00e9 son los coronavirus y c\u00f3mo se llama el coronavirus que causa la Covid-19?<\/strong><\/p>\n\n\n\n<p>Los coronavirus son una extensa&nbsp;<strong>familia de virus que pueden causar enfermedades en humanos y animales.<\/strong>&nbsp;En los humanos, muchos de estos virus provocan enfermedades respiratorias en diferentes niveles de gravedad. El coronavirus responsable de la enfermedad Covid-19, descubierta en Wuhan, China, a finales de 2019,&nbsp;<strong>se llama SARS-CoV-2.<\/strong><\/p>\n\n\n\n<p><strong>\u00bfQu\u00e9 debo hacer si tengo s\u00edntomas de coronavirus y cu\u00e1ndo debo buscar atenci\u00f3n m\u00e9dica?<\/strong><\/p>\n\n\n\n<p>Si presentas&nbsp;<strong>s\u00edntomas<\/strong>&nbsp;de coronavirus,&nbsp;<strong>como tos y fiebre leves, generalmente no es necesario que se busque atenci\u00f3n m\u00e9dica.<\/strong>&nbsp;Bajo estas circunstancias, bastar\u00e1 con mantenerse en casa,&nbsp;<strong>aislarse<\/strong>&nbsp;y vigilar el desarrollo de los s\u00edntomas.<\/p>\n\n\n\n<p>Sin embargo, cuando se tiene&nbsp;<strong>dificultad para respirar y se presenta dolor o presi\u00f3n en el pecho<\/strong>&nbsp;es&nbsp;<strong>crucial buscar atenci\u00f3n m\u00e9dica inmediatamente.<\/strong>&nbsp;En este punto se recomienda contactar previamente a las autoridades sanitarias para que dirijan con precisi\u00f3n al paciente a un \u00e1rea de atenci\u00f3n cercana.<\/p>\n\n\n\n<p><strong>\u00bfHay alguna prueba para la enfermedad por coronavirus que pueda comprar para hacerme en casa?<\/strong><\/p>\n\n\n\n<p>No. Si bien s\u00ed existen las pruebas para detectar el nuevo coronavirus, \u00e9stas&nbsp;<strong>s\u00f3lo se realizan en laboratorios certificados.<\/strong>&nbsp;Estas son las pruebas PCR, y en las instituciones autorizadas tienen un precio de entre&nbsp;<strong>$1,300 y $4,500 pesos.<\/strong><\/p>\n","protected":false},"excerpt":{"rendered":"<p>Despu\u00e9s de varios meses de estudio, la Organizaci\u00f3n Mundial de la Salud (OMS) decret\u00f3 que&nbsp;los&nbsp;principales s\u00edntomas del coronavirus&nbsp;son tos seca, dificultad pararespirar, fiebre y diarrea,&nbsp;pero en los \u00faltimos d\u00edas,&nbsp;nuevos indicios han sido asociados a esta enfermedad. Los tres s\u00edntomas m\u00e1s habituales del Covid\u201319 son fiebre, tos seca y cansancio,&nbsp;pero&nbsp;algunos pacientes han presentado -en menor medida- [&hellip;]<\/p>\n","protected":false},"author":1,"featured_media":651,"comment_status":"open","ping_status":"open","sticky":false,"template":"","format":"standard","meta":{"footnotes":""},"categories":[12],"tags":[],"class_list":["post-650","post","type-post","status-publish","format-standard","has-post-thumbnail","hentry","category-sin-categoria"],"_links":{"self":[{"href":"https:\/\/podernacional.com\/index.php?rest_route=\/wp\/v2\/posts\/650","targetHints":{"allow":["GET"]}}],"collection":[{"href":"https:\/\/podernacional.com\/index.php?rest_route=\/wp\/v2\/posts"}],"about":[{"href":"https:\/\/podernacional.com\/index.php?rest_route=\/wp\/v2\/types\/post"}],"author":[{"embeddable":true,"href":"https:\/\/podernacional.com\/index.php?rest_route=\/wp\/v2\/users\/1"}],"replies":[{"embeddable":true,"href":"https:\/\/podernacional.com\/index.php?rest_route=%2Fwp%2Fv2%2Fcomments&post=650"}],"version-history":[{"count":0,"href":"https:\/\/podernacional.com\/index.php?rest_route=\/wp\/v2\/posts\/650\/revisions"}],"wp:featuredmedia":[{"embeddable":true,"href":"https:\/\/podernacional.com\/index.php?rest_route=\/wp\/v2\/media\/651"}],"wp:attachment":[{"href":"https:\/\/podernacional.com\/index.php?rest_route=%2Fwp%2Fv2%2Fmedia&parent=650"}],"wp:term":[{"taxonomy":"category","embeddable":true,"href":"https:\/\/podernacional.com\/index.php?rest_route=%2Fwp%2Fv2%2Fcategories&post=650"},{"taxonomy":"post_tag","embeddable":true,"href":"https:\/\/podernacional.com\/index.php?rest_route=%2Fwp%2Fv2%2Ftags&post=650"}],"curies":[{"name":"wp","href":"https:\/\/api.w.org\/{rel}","templated":true}]}}