{"id":6502,"date":"2022-06-09T00:04:40","date_gmt":"2022-06-09T00:04:40","guid":{"rendered":"https:\/\/whatsappmexico.com\/?p=6502"},"modified":"2022-06-09T00:04:40","modified_gmt":"2022-06-09T00:04:40","slug":"busca-scjn-sentencia-que-prohibiria-o-convertiria-patrimonio-cultural-a-las-corridas-de-toros","status":"publish","type":"post","link":"https:\/\/podernacional.com\/?p=6502","title":{"rendered":"Busca\u00a0SCJN sentencia que prohibir\u00eda o convertir\u00eda patrimonio cultural a las corridas de toros"},"content":{"rendered":"<h4>Busca\u00a0SCJN sentencia que prohibir\u00eda o convertir\u00eda patrimonio cultural a las corridas de toros<\/h4>\n<p>&nbsp;<\/p>\n<p>Organizaciones sociales aseguran que los \u201cgalleros y taurinos\u201d han perdido todos los juicios interpuestos donde se han prohibido estos eventos.<\/p>\n<p>&nbsp;<\/p>\n<p>Se impulsar\u00e1\u00a0batallas legales que grupos defensores de animales llevan a cabo en la Ciudad de M\u00e9xico, para prohibir en definitiva las corridas de toros.<\/p>\n<p>&nbsp;<\/p>\n<p>Ministros de la Segunda Sala de la Suprema Corte de Justicia discutir\u00e1n sentencia sobre si las corridas de toros son patrimonio cultural\u00a0o no.<\/p>\n<p>&nbsp;<\/p>\n<p>Con esto busca\u00a0SCJN sentencia que prohibir\u00eda o convertir\u00eda patrimonio cultural a las corridas de toros\u00a0y a las peleas de gallo.<\/p>\n<p>&nbsp;<\/p>\n<p>En 2019 mediante un decreto por el entonces gobernador panista de Nayarit, <a href=\"https:\/\/www.facebook.com\/antonioechevarriag\">Antonio Echevarr\u00eda Garc\u00eda<\/a>.<\/p>\n<p>&nbsp;<\/p>\n<p>Decreta\u00a0que la fiesta taurina es un patrimonio cultural inmaterial de dicho estado.<\/p>\n<p>&nbsp;<\/p>\n<p>El cual fue impugnado por la asociaci\u00f3n civil, \u201cCuenta Conmigo Tepic\u201d, y fue as\u00ed que el asunto llego a la SCJN.<\/p>\n<p>&nbsp;<\/p>\n<h4>A juicio de esta Sala, la respuesta a tales cuestiones es claramente negativa.<\/h4>\n<p>&nbsp;<\/p>\n<p>Cuando una determinada expresi\u00f3n, manifestaci\u00f3n o actividad es reconocida como \u201cpatrimonio cultural\u201d, implica que el Estado deba adoptar una serie de medidas especiales.<\/p>\n<p>&nbsp;<\/p>\n<p>Ya sea como de protecci\u00f3n, hubo, fomento y difusi\u00f3n, ya sea de \u00edndole educativa, institucional, administrativa o financiera.<\/p>\n<p>&nbsp;<\/p>\n<p>Osea, para que una determinada expresi\u00f3n, actividad o manifestaci\u00f3n humana pueda alcanzar el estatus reforzado y especializado al amparo de los derechos culturales.<\/p>\n<p>&nbsp;<\/p>\n<p>Debe tener un valor excepcional desde el punto de vista de la historia, del arte o de la ciencia.<\/p>\n<p>&nbsp;<\/p>\n<p>Aunque, si el proyecto del ministro P\u00e9rez Day\u00e1n es aprobado, ello no significar\u00eda que se prohibir\u00edan las corridas de toros en todo el pa\u00eds.<\/p>\n<p>&nbsp;<\/p>\n<p>Entonces\u00a0la organizaci\u00f3n social, <a href=\"https:\/\/www.animanaturalis.org\/es\">Animal Naturalis<\/a>, se\u00f1ala que la SCJN y los tribunales han resuelto diversas sentencias a favor de los derechos de los animales.<\/p>\n<p>&nbsp;<\/p>\n<p>Los taurinos y galleros han perdido todos los juicios que han interpuesto donde se han prohibido estos eventos.<\/p>\n<p>&nbsp;<\/p>\n<p>Queda en varios jueces de Distrito\u00a0de la Ciudad de M\u00e9xico el que se acaben las corridas de toros en la Ciudad de M\u00e9xico.<\/p>\n<p>&nbsp;<\/p>\n<p>En los meses de marzo y abril emprendieron la batalla legal en los juzgados y ahora se han sumado otros.<\/p>\n<p>&nbsp;<\/p>\n<p>El Congreso local y las autoridades ejecutivas en la Ciudad de M\u00e9xico,\u00a0acusados\u00a0de no tener la voluntad para prohibir definitivamente las corridas de toros.<\/p>\n<p>&nbsp;<\/p>\n<p>Mencionan que\u00a0la prohibici\u00f3n de los eventos taurinos en la CDMX sufri\u00f3 una cantidad de obst\u00e1culos por la falta de voluntad pol\u00edtica de muchos diputados.<\/p>\n<p>&nbsp;<\/p>\n<p>\u201cLa sentencia representar\u00eda un importante precedente para impugnaciones similares en otros estados, ya que es facultad de los congresos estatales regular esa actividad\u201d.<\/p>\n<p>&nbsp;<\/p>\n<p>\u201cSeguramente se podr\u00eda avanzar hacia la prohibici\u00f3n absoluta de la fiesta brava en todo el pa\u00eds\u201d, advierte la asociaci\u00f3n civil.<\/p>\n<p>&nbsp;<\/p>\n","protected":false},"excerpt":{"rendered":"<p>Busca\u00a0SCJN sentencia que prohibir\u00eda o convertir\u00eda patrimonio cultural a las corridas de toros &nbsp; Organizaciones sociales aseguran que los \u201cgalleros y taurinos\u201d han perdido todos los juicios interpuestos donde se han prohibido estos eventos. &nbsp; Se impulsar\u00e1\u00a0batallas legales que grupos defensores de animales llevan a cabo en la Ciudad de M\u00e9xico, para prohibir en definitiva [&hellip;]<\/p>\n","protected":false},"author":1,"featured_media":6498,"comment_status":"open","ping_status":"open","sticky":false,"template":"","format":"standard","meta":{"footnotes":""},"categories":[2,4,7],"tags":[],"class_list":["post-6502","post","type-post","status-publish","format-standard","has-post-thumbnail","hentry","category-cultural","category-espectaculos","category-nacional"],"_links":{"self":[{"href":"https:\/\/podernacional.com\/index.php?rest_route=\/wp\/v2\/posts\/6502","targetHints":{"allow":["GET"]}}],"collection":[{"href":"https:\/\/podernacional.com\/index.php?rest_route=\/wp\/v2\/posts"}],"about":[{"href":"https:\/\/podernacional.com\/index.php?rest_route=\/wp\/v2\/types\/post"}],"author":[{"embeddable":true,"href":"https:\/\/podernacional.com\/index.php?rest_route=\/wp\/v2\/users\/1"}],"replies":[{"embeddable":true,"href":"https:\/\/podernacional.com\/index.php?rest_route=%2Fwp%2Fv2%2Fcomments&post=6502"}],"version-history":[{"count":0,"href":"https:\/\/podernacional.com\/index.php?rest_route=\/wp\/v2\/posts\/6502\/revisions"}],"wp:featuredmedia":[{"embeddable":true,"href":"https:\/\/podernacional.com\/index.php?rest_route=\/wp\/v2\/media\/6498"}],"wp:attachment":[{"href":"https:\/\/podernacional.com\/index.php?rest_route=%2Fwp%2Fv2%2Fmedia&parent=6502"}],"wp:term":[{"taxonomy":"category","embeddable":true,"href":"https:\/\/podernacional.com\/index.php?rest_route=%2Fwp%2Fv2%2Fcategories&post=6502"},{"taxonomy":"post_tag","embeddable":true,"href":"https:\/\/podernacional.com\/index.php?rest_route=%2Fwp%2Fv2%2Ftags&post=6502"}],"curies":[{"name":"wp","href":"https:\/\/api.w.org\/{rel}","templated":true}]}}