{"id":6535,"date":"2022-06-09T22:04:24","date_gmt":"2022-06-09T22:04:24","guid":{"rendered":"https:\/\/whatsappmexico.com\/?p=6535"},"modified":"2022-06-09T22:04:24","modified_gmt":"2022-06-09T22:04:24","slug":"devuelven-a-mexico-83-piezas-arqueologicas-que-estaban-en-eu","status":"publish","type":"post","link":"https:\/\/podernacional.com\/?p=6535","title":{"rendered":"Devuelven a M\u00e9xico 83 piezas arqueol\u00f3gicas que estaban en EU"},"content":{"rendered":"<h4><strong>Devuelven a<\/strong> M\u00e9xico<strong> 83 piezas arqueol\u00f3gicas que estaban en EU<\/strong><\/h4>\n<p><a href=\"https:\/\/twitter.com\/m_ebrard\">Marcelo Ebrard<\/a>, canciller mexicano, recibi\u00f3 los objetos durante la Cumbre de las Am\u00e9ricas<\/p>\n<p><em><i>El titular de la Secretar\u00eda de Relaciones Exteriores,<a href=\"https:\/\/twitter.com\/m_ebrard\"> Marcelo Ebrard<\/a>, recibi\u00f3 83 piezas arqueol\u00f3gicas<\/i><\/em><em><i>.<\/i><\/em><\/p>\n<p><em><i>Todas ellas<\/i><\/em><em><i> originarias de culturas mexicanas que se encontraban en posesi\u00f3n de dos particulares en Estados Unidos de Am\u00e9rica.<\/i><\/em><\/p>\n<p>En el marco de la celebraci\u00f3n de la Cumbre de las Am\u00e9ricas.<\/p>\n<p>El canciller encabez\u00f3 la recepci\u00f3n de los objetos entregados de forma voluntaria por Bill Lewis y Rashel Mereness.<\/p>\n<p>\u201cLa protecci\u00f3n de nuestro patrimonio es parte fundamental del trabajo de Secretar\u00eda de Relaciones Exteriores en el mundo\u201d, destac\u00f3 la dependencia federal en redes sociales.<\/p>\n<p>Al respecto, Bill Lewis explic\u00f3 que el proceso para devolver las piezas se extendi\u00f3 durante cinco a\u00f1os.<\/p>\n<p>Ya que\u00a0durante ese tiempo se\u00a0consult\u00f3 a arque\u00f3logos, universidades, museos y gobiernos para garantizar el seguro regreso a casa.<\/p>\n<p>\u201cEs importante que estas piezas se remonten a las personas que las crearon y tambi\u00e9n a las culturas que las crearon\u201d.<\/p>\n<h4>Fueron hechos para celebrar vidas, recordar eventos significativos, honrar a las personas y decirles a quienes los siguieron lo que importaba y porqu\u00e9\u201d.<\/h4>\n<p>Todo esto lo coment\u00f3 el ciudadano estadounidense.<\/p>\n<p><a href=\"https:\/\/twitter.com\/m_ebrard\">Ebrard<\/a> agradeci\u00f3 la entrega del patrimonio cultural de M\u00e9xico.<\/p>\n<p>\u201cSer\u00e1 gran gesto de ciudadanos norteamericanos comprometidos con la civilizaci\u00f3n mexicana y que tienen inter\u00e9s de que (las piezas) se reintegren a nuestro pa\u00eds\u201d.<\/p>\n<p>Volvi\u00f3 a comentar y expresar\u00a0el canciller mexicano.<\/p>\n<p>Conclusi\u00f3n: Se devuelven a M\u00e9xico 83 piezas arqueol\u00f3gicas que estaban en Entados Unidos de Am\u00e9rica por parte de donantes americanos: Bill Lewis y Rashel Mereness.<\/p>\n<p>&nbsp;<\/p>\n<p>&nbsp;<\/p>\n<p>&nbsp;<\/p>\n","protected":false},"excerpt":{"rendered":"<p>Devuelven a M\u00e9xico 83 piezas arqueol\u00f3gicas que estaban en EU Marcelo Ebrard, canciller mexicano, recibi\u00f3 los objetos durante la Cumbre de las Am\u00e9ricas El titular de la Secretar\u00eda de Relaciones Exteriores, Marcelo Ebrard, recibi\u00f3 83 piezas arqueol\u00f3gicas. Todas ellas originarias de culturas mexicanas que se encontraban en posesi\u00f3n de dos particulares en Estados Unidos de [&hellip;]<\/p>\n","protected":false},"author":1,"featured_media":6536,"comment_status":"open","ping_status":"open","sticky":false,"template":"","format":"standard","meta":{"footnotes":""},"categories":[2,4],"tags":[],"class_list":["post-6535","post","type-post","status-publish","format-standard","has-post-thumbnail","hentry","category-cultural","category-espectaculos"],"_links":{"self":[{"href":"https:\/\/podernacional.com\/index.php?rest_route=\/wp\/v2\/posts\/6535","targetHints":{"allow":["GET"]}}],"collection":[{"href":"https:\/\/podernacional.com\/index.php?rest_route=\/wp\/v2\/posts"}],"about":[{"href":"https:\/\/podernacional.com\/index.php?rest_route=\/wp\/v2\/types\/post"}],"author":[{"embeddable":true,"href":"https:\/\/podernacional.com\/index.php?rest_route=\/wp\/v2\/users\/1"}],"replies":[{"embeddable":true,"href":"https:\/\/podernacional.com\/index.php?rest_route=%2Fwp%2Fv2%2Fcomments&post=6535"}],"version-history":[{"count":0,"href":"https:\/\/podernacional.com\/index.php?rest_route=\/wp\/v2\/posts\/6535\/revisions"}],"wp:featuredmedia":[{"embeddable":true,"href":"https:\/\/podernacional.com\/index.php?rest_route=\/wp\/v2\/media\/6536"}],"wp:attachment":[{"href":"https:\/\/podernacional.com\/index.php?rest_route=%2Fwp%2Fv2%2Fmedia&parent=6535"}],"wp:term":[{"taxonomy":"category","embeddable":true,"href":"https:\/\/podernacional.com\/index.php?rest_route=%2Fwp%2Fv2%2Fcategories&post=6535"},{"taxonomy":"post_tag","embeddable":true,"href":"https:\/\/podernacional.com\/index.php?rest_route=%2Fwp%2Fv2%2Ftags&post=6535"}],"curies":[{"name":"wp","href":"https:\/\/api.w.org\/{rel}","templated":true}]}}