{"id":6538,"date":"2022-06-09T23:05:32","date_gmt":"2022-06-09T23:05:32","guid":{"rendered":"https:\/\/whatsappmexico.com\/?p=6538"},"modified":"2022-06-09T23:05:32","modified_gmt":"2022-06-09T23:05:32","slug":"martinoli-y-luis-garcia-no-narraran-el-jamaica-vs-mexico","status":"publish","type":"post","link":"https:\/\/podernacional.com\/?p=6538","title":{"rendered":"Martinoli y Luis Garc\u00eda no narrar\u00e1n el Jamaica vs M\u00e9xico"},"content":{"rendered":"<h4>Martinoli y Luis Garc\u00eda no narrar\u00e1n el Jamaica vs M\u00e9xico.<\/h4>\n<p>La dupla de <a href=\"https:\/\/twitter.com\/martinolimx\">Martinoli<\/a> y el Doctor Garc\u00eda quedan sin la cobertura completa de la <a href=\"https:\/\/www.concacaf.com\/es\/liga-de-naciones\/\">Concacaf Nations League<\/a>, por lo que TUDN aprovechar\u00eda la exclusiva.<\/p>\n<p>La Selecci\u00f3n Mexicana volver\u00e1 a participar en la Concacaf Nations League y con ello las televisoras se alistan para tener la mejor cobertura del Tr.<\/p>\n<p>Sin embargo, TV Azteca se qued\u00f3 sin los derechos de transmisi\u00f3n para el juego de Jamaica vs M\u00e9xico.<\/p>\n<p>Por lo que Christian Martinoli, Luis Garc\u00eda, Luis Roberto Alves Zague y Jorge Campos tendr\u00e1n que ceder ante su competencia.<\/p>\n<p>De nueva cuenta TUDN gozar\u00e1 de la exclusiva para televisi\u00f3n abierta.<\/p>\n<p>As\u00ed que tendr\u00e1 el camino libre para el rating televisivo.<\/p>\n<p>Por ende las voces de Paco Villa, Enrique Perro Berm\u00fadez, Rafa M\u00e1rquez y dem\u00e1s analistas de Televisa ser\u00e1n los encargados de compartir.<\/p>\n<p>Por eso el por qu\u00e9 <a href=\"https:\/\/twitter.com\/martinolimx\">Martinoli<\/a> y Luis Garc\u00eda no narrar\u00e1n el Jamaica vs M\u00e9xico.<\/p>\n<p>Los detalles de la primera ronda clasificatoria de la Nations League ser\u00e1n narrados por otros comentaristas.<\/p>\n<p>Cabe recordar que no ser\u00eda la primera vez que los narradores de Azteca Deportes se quedan sin los derechos de transmisi\u00f3n.<\/p>\n<p>Los juegos oficiales del Tricolor no lo compartir\u00edan ellos y todo ser\u00eda por diferencias con la televisora.<\/p>\n<h4>\u00bfPor qu\u00e9 TV Azteca no transmitir\u00e1 el Jamaica vs M\u00e9xico?<\/h4>\n<p>Cada que la Selecci\u00f3n mexicana juega como visitante en un duelo oficial de la FIFA.<\/p>\n<p>Las empresas televisivas deben de comprar los derechos de transmisi\u00f3n a los equipos que disputar\u00e1n el compromiso como local.<\/p>\n<p>En el caso de la Selecci\u00f3n de Jamaica, la empresa que cuenta con la exclusiva de los jamaiquinos se trata de MediaPro.<\/p>\n<p>La productora televisiva se encarga de negociar con los canales de tv mexicana para as\u00ed ceder los derechos de transmisi\u00f3n y que repliquen la imagen en sus canales.<\/p>\n<p>Aunque MediaPro no tiene una buena relaci\u00f3n con la televisora del Ajusco, le estar\u00eda negando los derechos de transmisi\u00f3n y se dirigir\u00eda exclusivamente con TUDN.<\/p>\n<p>Las negociaciones entre empresas ser\u00edan las culpables por las que Martinoli y el Doctor Garc\u00eda no tendr\u00edan la oportunidad de comentar el partido.<\/p>\n<p>El cual disputar\u00e1 el combinado nacional el pr\u00f3ximo martes 14 de junio a las 19:00 hrs (centro de M\u00e9xico).<\/p>\n<p>Este modelo ya se hab\u00eda visto durante la eliminatoria mundialista del Octagonal de Concacaf.<\/p>\n<p>Cuando el Tri se enfrent\u00f3 Jamaica, en aquel partido solo TUDN tuvo la transmisi\u00f3n del juego.<\/p>\n<p>Dichas diferencias entre MediaPro y Azteca Deportes empezaron luego de que la empresa espa\u00f1ola mostrara inter\u00e9s en comprar parte de las coberturas de Fox Sports.<\/p>\n<p>Lo cual represent\u00f3 una \u201camenaza\u201d para la empresa de Ajusco, ya que perder\u00eda m\u00e1s equipos de la Liga MX para la narraci\u00f3n de partido.<\/p>\n<p>Por ello, TV Azteca emprendi\u00f3 una campa\u00f1a en contra de la negociaci\u00f3n de MediaPro y Fox Sports para que no se firme el acuerdo.<\/p>\n<p>Dicha acci\u00f3n result\u00f3 perjudicial pues con ello le negaron derechos de transmisi\u00f3n de la Selecci\u00f3n Mexicana, mercado importante de cara a la Copa Mundial 2022.<\/p>\n<h4>La Selecci\u00f3n Mexicana causa dudas de cara a Qatar 2022<\/h4>\n<p>Luego de que el conjunto dirigido por Gerardo Tata Martino acab\u00f3 su gira amistosa por Estados Unidos.<\/p>\n<p>La afici\u00f3n se molest\u00f3 con el desempe\u00f1o del equipo pues en todos los partidos no brind\u00f3 la confianza de generar ataque y goles.<\/p>\n<p>Su \u00faltimo juego ante Ecuador se volvi\u00f3 controversial.<\/p>\n<p>Ya que volvi\u00f3 a sonar el grito homof\u00f3bico por la molestia del p\u00fablico debido a que no hubo goles en los 90 minutos de juego.<\/p>\n<p>Adem\u00e1s volvi\u00f3 a sonar el \u201cfuera Tata\u201d.<\/p>\n<p>Y dichos seguidores del Tri siguen sin confiar en el proyecto de Martino a pesar de que tiene el respaldo de la MF.<\/p>\n","protected":false},"excerpt":{"rendered":"<p>Martinoli y Luis Garc\u00eda no narrar\u00e1n el Jamaica vs M\u00e9xico. La dupla de Martinoli y el Doctor Garc\u00eda quedan sin la cobertura completa de la Concacaf Nations League, por lo que TUDN aprovechar\u00eda la exclusiva. La Selecci\u00f3n Mexicana volver\u00e1 a participar en la Concacaf Nations League y con ello las televisoras se alistan para tener [&hellip;]<\/p>\n","protected":false},"author":1,"featured_media":6539,"comment_status":"open","ping_status":"open","sticky":false,"template":"","format":"standard","meta":{"footnotes":""},"categories":[3,4],"tags":[],"class_list":["post-6538","post","type-post","status-publish","format-standard","has-post-thumbnail","hentry","category-deportes","category-espectaculos"],"_links":{"self":[{"href":"https:\/\/podernacional.com\/index.php?rest_route=\/wp\/v2\/posts\/6538","targetHints":{"allow":["GET"]}}],"collection":[{"href":"https:\/\/podernacional.com\/index.php?rest_route=\/wp\/v2\/posts"}],"about":[{"href":"https:\/\/podernacional.com\/index.php?rest_route=\/wp\/v2\/types\/post"}],"author":[{"embeddable":true,"href":"https:\/\/podernacional.com\/index.php?rest_route=\/wp\/v2\/users\/1"}],"replies":[{"embeddable":true,"href":"https:\/\/podernacional.com\/index.php?rest_route=%2Fwp%2Fv2%2Fcomments&post=6538"}],"version-history":[{"count":0,"href":"https:\/\/podernacional.com\/index.php?rest_route=\/wp\/v2\/posts\/6538\/revisions"}],"wp:featuredmedia":[{"embeddable":true,"href":"https:\/\/podernacional.com\/index.php?rest_route=\/wp\/v2\/media\/6539"}],"wp:attachment":[{"href":"https:\/\/podernacional.com\/index.php?rest_route=%2Fwp%2Fv2%2Fmedia&parent=6538"}],"wp:term":[{"taxonomy":"category","embeddable":true,"href":"https:\/\/podernacional.com\/index.php?rest_route=%2Fwp%2Fv2%2Fcategories&post=6538"},{"taxonomy":"post_tag","embeddable":true,"href":"https:\/\/podernacional.com\/index.php?rest_route=%2Fwp%2Fv2%2Ftags&post=6538"}],"curies":[{"name":"wp","href":"https:\/\/api.w.org\/{rel}","templated":true}]}}