{"id":6546,"date":"2022-06-09T23:55:28","date_gmt":"2022-06-09T23:55:28","guid":{"rendered":"https:\/\/whatsappmexico.com\/?p=6546"},"modified":"2022-06-09T23:55:28","modified_gmt":"2022-06-09T23:55:28","slug":"mara-lezama-no-regresaria-a-la-presidencia-municipal-de-benito-juarez","status":"publish","type":"post","link":"https:\/\/podernacional.com\/?p=6546","title":{"rendered":"Mara Lezama no regresar\u00eda a la presidencia municipal de Benito Ju\u00e1rez"},"content":{"rendered":"<p>Adelantando propuestas de c\u00f3mo gobernar\u00e1, de que en su gabinete no traer\u00e1 a gente de otros lugares y crear\u00e1 una dependencia para promover mayor inversi\u00f3n.<\/p>\n<p><a href=\"https:\/\/www.facebook.com\/MaraLezamaOficial\">Mara Lezama Espinosa<\/a>, ganadora a la gubernatura, dijo que es muy probable que no regrese a la presidencia municipal de Benito Ju\u00e1rez.<\/p>\n<p>Por lo pronto, mencion\u00f3 que extendi\u00f3 la licencia como presidenta municipal de Benito Ju\u00e1rez.<\/p>\n<p>En espera de recibir la constancia de mayor\u00eda este domingo y posteriormente a ello, evaluar\u00e1 si puede regresar al cargo.<\/p>\n<p>En ese sentido, se\u00f1al\u00f3 que esta decisi\u00f3n la eval\u00faa con los abogados para evitar alguna impugnaci\u00f3n.<\/p>\n<p>Entrevistada por <a href=\"https:\/\/www.radioformula.com.mx\/\">Radio F\u00f3rmula<\/a>, sostuvo que su gobierno \u201ccaminar\u00e1 a ras de piso\u201d.<\/p>\n<p>Trabajando con transparencia y honestidad para acortar la brecha de desigualdad social, mediante un desarrollo sostenible y sustentable.<\/p>\n<p>De la conformaci\u00f3n de su gabinete, recalca la igualdad; ademas evaluar\u00e1 perfiles de candidatos que deber\u00e1n estar a la altura de las necesidades del estado.<\/p>\n<p>Por ende ser\u00e1n expertos, especialmente en las \u00e1reas de salud, educaci\u00f3n, agricultura y medio ambiente entre otras.<\/p>\n<p>Tambi\u00e9n se\u00f1al\u00f3 que no traer\u00e1 a gente de otros estados para su gabinete.<\/p>\n<p>Pues sostuvo que en la entidad hay personas sumamente capacitadas, y que adem\u00e1s aman esta tierra.<\/p>\n<p>&nbsp;<\/p>\n<h4>Mara Lezama manifest\u00f3 que se tendr\u00e1 que trabajar mucho en justicia socia.<\/h4>\n<p>Con ello se realizar\u00e1n tareas de prevenci\u00f3n para atacar las situaciones que generan la violencia.<\/p>\n<p>\u201cMejoraremos la coordinaci\u00f3n y capacidades de las corporaciones policiales, siempre apegados en una labor coordinada entre los tres \u00f3rdenes de gobierno\u201d, indic\u00f3.<\/p>\n<p>Entre otros puntos de su administraci\u00f3n, dijo que ya estudian proyectos de turismo para no depender \u00fanicamente de Sol y playa, y tambi\u00e9n en salud.<\/p>\n<p>\u201cIgual se trabajar\u00e1 mucho que la denominaci\u00f3n de origen y la creaci\u00f3n de un centro de distribuci\u00f3n en Carrillo Puerto para desde ah\u00ed exportar\u201d, a\u00f1adi\u00f3.<\/p>\n<p>Entre las novedades, mencion\u00f3 que crear\u00e1 el Instituto Estatal de Econom\u00eda Social lo que permitir\u00e1 promover mayor inversi\u00f3n hacia algunas zonas de la entidad.<\/p>\n","protected":false},"excerpt":{"rendered":"<p>Adelantando propuestas de c\u00f3mo gobernar\u00e1, de que en su gabinete no traer\u00e1 a gente de otros lugares y crear\u00e1 una dependencia para promover mayor inversi\u00f3n. Mara Lezama Espinosa, ganadora a la gubernatura, dijo que es muy probable que no regrese a la presidencia municipal de Benito Ju\u00e1rez. Por lo pronto, mencion\u00f3 que extendi\u00f3 la licencia [&hellip;]<\/p>\n","protected":false},"author":1,"featured_media":6547,"comment_status":"open","ping_status":"open","sticky":false,"template":"","format":"standard","meta":{"footnotes":""},"categories":[6,7,9],"tags":[],"class_list":["post-6546","post","type-post","status-publish","format-standard","has-post-thumbnail","hentry","category-local","category-nacional","category-politica"],"_links":{"self":[{"href":"https:\/\/podernacional.com\/index.php?rest_route=\/wp\/v2\/posts\/6546","targetHints":{"allow":["GET"]}}],"collection":[{"href":"https:\/\/podernacional.com\/index.php?rest_route=\/wp\/v2\/posts"}],"about":[{"href":"https:\/\/podernacional.com\/index.php?rest_route=\/wp\/v2\/types\/post"}],"author":[{"embeddable":true,"href":"https:\/\/podernacional.com\/index.php?rest_route=\/wp\/v2\/users\/1"}],"replies":[{"embeddable":true,"href":"https:\/\/podernacional.com\/index.php?rest_route=%2Fwp%2Fv2%2Fcomments&post=6546"}],"version-history":[{"count":0,"href":"https:\/\/podernacional.com\/index.php?rest_route=\/wp\/v2\/posts\/6546\/revisions"}],"wp:featuredmedia":[{"embeddable":true,"href":"https:\/\/podernacional.com\/index.php?rest_route=\/wp\/v2\/media\/6547"}],"wp:attachment":[{"href":"https:\/\/podernacional.com\/index.php?rest_route=%2Fwp%2Fv2%2Fmedia&parent=6546"}],"wp:term":[{"taxonomy":"category","embeddable":true,"href":"https:\/\/podernacional.com\/index.php?rest_route=%2Fwp%2Fv2%2Fcategories&post=6546"},{"taxonomy":"post_tag","embeddable":true,"href":"https:\/\/podernacional.com\/index.php?rest_route=%2Fwp%2Fv2%2Ftags&post=6546"}],"curies":[{"name":"wp","href":"https:\/\/api.w.org\/{rel}","templated":true}]}}