{"id":6549,"date":"2022-06-10T01:13:00","date_gmt":"2022-06-10T01:13:00","guid":{"rendered":"https:\/\/whatsappmexico.com\/?p=6549"},"modified":"2022-06-10T01:13:00","modified_gmt":"2022-06-10T01:13:00","slug":"detenido-un-candidato-a-gobernador-por-su-participacion-en-el-asalto-al-capitolio","status":"publish","type":"post","link":"https:\/\/podernacional.com\/?p=6549","title":{"rendered":"Detenido un candidato a gobernador por su participaci\u00f3n en el asalto al Capitolio"},"content":{"rendered":"<h4>El FBI arresta a Ryan Kelley, que estaba ese d\u00eda en Washington, acusado de delitos menores presuntamente cometidos el 6 de enero de 2021.<\/h4>\n<p>Detienen a candidato Ryan Kelley para convertirse en gobernador de M\u00edchigan en las elecciones ha quedado truncada este jueves.<\/p>\n<p>Con su detenci\u00f3n por parte del FBI, es acusado de participar en el asalto al Capitolio del 2021, seg\u00fan ha informado el Departamento de Justicia.<\/p>\n<p>El arresto es por delitos menores, presuntamente cometidos cuando una turba arengada por Trump march\u00f3 en Washington.<\/p>\n<p>Con esto tom\u00f3 por la fuerza el Capitolio para impedir el traspaso de poderes presidenciales a Joe Biden, cuyo triunfo electoral pon\u00eda en duda.<\/p>\n<p>Detienen a candidato a gobernador,<a href=\"https:\/\/ryandkelley.com\/\"> Kelley,<\/a> de 40 a\u00f1os, estaba ese d\u00eda en Washington, y ha sido detenido en su casa en Allentown.<\/p>\n<p>Detienen a candidato a gobernador por su participaci\u00f3n en el asalto al Capitolio.<\/p>\n<p>Seg\u00fan se puede leer en la biograf\u00eda de la web de su candidatura, <a href=\"https:\/\/ryandkelley.com\/\">Ryan<\/a> vive en la parte occidental del Estado \u201cdesde hace 35 a\u00f1os\u201d.<\/p>\n<p>El FBI ha registrado tambi\u00e9n la vivienda, que comparte con su esposa y sus cinco hijos.<\/p>\n<p>Esta tarde est\u00e1 citado a comparecer ante el juez del Tribunal del Distrito del Oeste de M\u00edchigan, en la ciudad de Grand Rapids.<\/p>\n<p>En la denuncia est\u00e1 acusado de actos de violencia contra personas o propiedades en un lugar restringido, de da\u00f1ar la propiedad federal, de des\u00f3rdenes p\u00fablico.<\/p>\n<p>Ademas de entrar a un edificio o terreno restringido sin permiso.<\/p>\n<p>En ella, se describe c\u00f3mo emple\u00f3 su tel\u00e9fono m\u00f3vil para grabar a la multitud que asaltaba a los agentes de la polic\u00eda del Capitolio.<\/p>\n<p>Y que en repetidas ocasiones anim\u00f3 a los que ven\u00edan tras \u00e9l a que continuaran su marcha hacia el edificio.<\/p>\n<p>En su web, Kelley, dice ser uno de los cinco candidatos republicanos para el puesto de gobernador del Estado.<\/p>\n<p>Ademas de tener previsto celebrar primarias en agosto, se presenta como titulado en ingenier\u00eda electr\u00f3nica.<\/p>\n<p>Menciona igualmente estar inspirado en el eslogan trumpista de America First, poner a \u201cM\u00edchigan primero\u201d.<\/p>\n<p>Trabaj\u00f3 en el negocio de las telecomunicaciones hasta 2011, fecha en la que se aventur\u00f3 \u201cen la vida empresarial\u201d.<\/p>\n<p>Desde 2019 es \u201cpropietario de una peque\u00f1a empresa inmobiliaria\u201d.<\/p>\n<p>Al a\u00f1o siguiente, la irrupci\u00f3n del coronavirus y su \u201cinvasi\u00f3n de todas las facetas de nuestras vidas\u201d<\/p>\n<p>Orillo \u00a0a convertirse \u201cen una voz de libertad, esperanza y raz\u00f3n para el estado de M\u00edchigan\u201d, siempre seg\u00fan los textos colgados en la web de su campa\u00f1a.<\/p>\n<p>En esos meses se opuso a los confinamientos y a los mandatos de vacunaci\u00f3n, y organiz\u00f3 varias manifestaciones.<\/p>\n<p>Esas credenciales le sirven para prometer a sus votantes \u201cmantenerse firme en los valores y la historia estadounidenses\u201d.<\/p>\n<p>Durante los disturbios que ocurrieron en los Estados Unidos en el verano de 2020, mientras ejerc\u00eda sus derechos de la Segunda Enmienda<\/p>\n<h4>Kelley protegi\u00f3 una estatua de la Guerra Civil en su ciudad natal de Allendale, cuando Black Lives Matter y Antifa amenazaban con derribarla.<\/h4>\n<p>\u201cLa estatua todav\u00eda est\u00e1 de pie all\u00ed hoy\u201d, se puede leer en la biograf\u00eda de candidato, cuya narraci\u00f3n se detiene en ese momento.<\/p>\n<p>No hay rastro en la p\u00e1gina de alusi\u00f3n alguna a la insurrecci\u00f3n del 6 de enero.<\/p>\n<p>Su detenci\u00f3n llega el mismo d\u00eda en el que la comisi\u00f3n encargada de la investigaci\u00f3n de los hechos del 6 de enero ha convocado a la naci\u00f3n a la primera de las sesiones.<\/p>\n<p>Ah\u00ed se dar\u00e1n a conocer sus conclusiones, tras 11 meses en los que han entrevistado a un millar de personas y estudiado unos 140.000 documentos.<\/p>\n<p>Se retransmitir\u00e1 en horario de m\u00e1xima audiencia y promete compartir con el p\u00fablico lo \u201cnunca sabido\u201d sobre el ataque al Capitolio.<\/p>\n","protected":false},"excerpt":{"rendered":"<p>El FBI arresta a Ryan Kelley, que estaba ese d\u00eda en Washington, acusado de delitos menores presuntamente cometidos el 6 de enero de 2021. Detienen a candidato Ryan Kelley para convertirse en gobernador de M\u00edchigan en las elecciones ha quedado truncada este jueves. Con su detenci\u00f3n por parte del FBI, es acusado de participar en [&hellip;]<\/p>\n","protected":false},"author":1,"featured_media":6551,"comment_status":"open","ping_status":"open","sticky":false,"template":"","format":"standard","meta":{"footnotes":""},"categories":[5,8],"tags":[],"class_list":["post-6549","post","type-post","status-publish","format-standard","has-post-thumbnail","hentry","category-internacional","category-policia"],"_links":{"self":[{"href":"https:\/\/podernacional.com\/index.php?rest_route=\/wp\/v2\/posts\/6549","targetHints":{"allow":["GET"]}}],"collection":[{"href":"https:\/\/podernacional.com\/index.php?rest_route=\/wp\/v2\/posts"}],"about":[{"href":"https:\/\/podernacional.com\/index.php?rest_route=\/wp\/v2\/types\/post"}],"author":[{"embeddable":true,"href":"https:\/\/podernacional.com\/index.php?rest_route=\/wp\/v2\/users\/1"}],"replies":[{"embeddable":true,"href":"https:\/\/podernacional.com\/index.php?rest_route=%2Fwp%2Fv2%2Fcomments&post=6549"}],"version-history":[{"count":0,"href":"https:\/\/podernacional.com\/index.php?rest_route=\/wp\/v2\/posts\/6549\/revisions"}],"wp:featuredmedia":[{"embeddable":true,"href":"https:\/\/podernacional.com\/index.php?rest_route=\/wp\/v2\/media\/6551"}],"wp:attachment":[{"href":"https:\/\/podernacional.com\/index.php?rest_route=%2Fwp%2Fv2%2Fmedia&parent=6549"}],"wp:term":[{"taxonomy":"category","embeddable":true,"href":"https:\/\/podernacional.com\/index.php?rest_route=%2Fwp%2Fv2%2Fcategories&post=6549"},{"taxonomy":"post_tag","embeddable":true,"href":"https:\/\/podernacional.com\/index.php?rest_route=%2Fwp%2Fv2%2Ftags&post=6549"}],"curies":[{"name":"wp","href":"https:\/\/api.w.org\/{rel}","templated":true}]}}