{"id":6593,"date":"2022-06-14T00:33:54","date_gmt":"2022-06-14T00:33:54","guid":{"rendered":"https:\/\/whatsappmexico.com\/?p=6593"},"modified":"2022-06-14T00:33:54","modified_gmt":"2022-06-14T00:33:54","slug":"tamaulipas-ideal-para-un-cluster-aeronautico","status":"publish","type":"post","link":"https:\/\/podernacional.com\/?p=6593","title":{"rendered":"Tamaulipas, ideal para un cl\u00faster aeron\u00e1utico"},"content":{"rendered":"<h4>El proyecto empresarial es complementario a los que ya existen, para establecer una zona industrial para el estado de Tamaulipas.<\/h4>\n<p>Tamaulipas cuenta con el potencial para tener su cl\u00faster aeron\u00e1utico que puede ubicarse en la frontera o en el sur del estado.<\/p>\n<p>Alfonso Salas Cabrera, promotor del proyecto de Aviaci\u00f3n y Proyectos Especiales de Alta Tecnolog\u00eda.<\/p>\n<p>Menciono que en esta propuesta van incluidas empresas de manufactura de la industria de aviaci\u00f3n, universidades, adem\u00e1s de proveedores de servicios.<\/p>\n<p>La parte norte ha sido clave para el \u00e9xito del sector aeroespacial derivado del aprovechamiento del capital humano.<\/p>\n<p>Ademas de una\u00a0infraestructura, cadena de proveedur\u00eda-suministro y estrategia geogr\u00e1fica, entre otros.<\/p>\n<p>Entonces\u00a0dado que existe una gran frontera de intercambio de productos con nuestro vecino pa\u00eds del norte, afirm\u00f3.<\/p>\n<p>Indic\u00f3 que el proyecto empresarial es complementario a los que ya existen.<\/p>\n<p>Con esto se busca\u00a0establecer una zona industrial para el estado de Tamaulipas, un proyecto que se viene cocinando desde hace 16 a\u00f1os.<\/p>\n<p>\u201cLlevamos a efecto gestiones con el Gobierno estatal y con el Ejecutivo federal para dar las mejores condiciones y oportunidades\u201d.<\/p>\n<p>Agreg\u00f3, \u201cLa Secretar\u00eda de Comunicaciones y Transportes ha mostrado un gran inter\u00e9s en incentivar y guiar los mejores resultados del proyecto\u201d.<\/p>\n<p>Ademas que es importante mostrar continuidad en el tema para seguir escalando como pa\u00eds l\u00edder responsable y comprometido en la industria aeron\u00e1utica.<\/p>\n<p>&nbsp;<\/p>\n<h4>PIDEN APOYO AL NUEVO GOBERNADOR<\/h4>\n<p>Salas Cabrera mencion\u00f3 que buscar\u00e1n al nuevo gobernador de Tamaulipas,<a href=\"https:\/\/www.facebook.com\/dr.americovillarreal\">\u00a0Am\u00e9rico Villarreal<\/a>.<\/p>\n<p>Para que una vez que tome el cargo para pedirle su apoyo para la realizaci\u00f3n de este cl\u00faster aeron\u00e1utico.<\/p>\n<p>\u201cLas \u00e1reas para instalar el cl\u00faster tendr\u00edan que prestarse o venderse, para tener un polo de atracci\u00f3n adicional para las industrias\u201d.<\/p>\n<p>Dijo que tiene esperanzas que con el nuevo Gobierno estatal haya un cambio total en la disposici\u00f3n para llevar a efecto el proyecto.<\/p>\n<p>Esperamos que el nuevo gobernador Am\u00e9rico Villarreal ponga atenci\u00f3n en lograrlo, como empresario y promotor de proyecto no es suficiente.<\/p>\n<p>Debido a\u00a0que las empresas de aviaci\u00f3n requieren de la presencia del apoyo del Gobierno estatal y federal.<\/p>\n<p>Ademas de una integraci\u00f3n\u00a0a las 6 empresas que ya existen del ramo aeron\u00e1utico en Tamaulipas que desarrollan productos complementarios y luego invitar a nuevas.<\/p>\n<p>Por la cercan\u00eda con Estados Unidos es posible que se realice en la frontera, pero tiene que evaluarse con un estudio t\u00e9cnico.<\/p>\n<p>Con esto se busca\u00a0decidir la ubicaci\u00f3n, tambi\u00e9n el sur de Tamaulipas es una posibilidad debido a los puertos.<\/p>\n<p>De acuerdo con el Consejo para el Desarrollo Econ\u00f3mico de la frontera en Tamaulipas.<\/p>\n<p>Ya\u00a0hay 10 empresas que tiene planes de construir 20 mil naves con material fabricado en Tamaulipas.<\/p>\n","protected":false},"excerpt":{"rendered":"<p>El proyecto empresarial es complementario a los que ya existen, para establecer una zona industrial para el estado de Tamaulipas. Tamaulipas cuenta con el potencial para tener su cl\u00faster aeron\u00e1utico que puede ubicarse en la frontera o en el sur del estado. Alfonso Salas Cabrera, promotor del proyecto de Aviaci\u00f3n y Proyectos Especiales de Alta [&hellip;]<\/p>\n","protected":false},"author":1,"featured_media":6594,"comment_status":"open","ping_status":"open","sticky":false,"template":"","format":"standard","meta":{"footnotes":""},"categories":[7,13],"tags":[],"class_list":["post-6593","post","type-post","status-publish","format-standard","has-post-thumbnail","hentry","category-nacional","category-tecnologia"],"_links":{"self":[{"href":"https:\/\/podernacional.com\/index.php?rest_route=\/wp\/v2\/posts\/6593","targetHints":{"allow":["GET"]}}],"collection":[{"href":"https:\/\/podernacional.com\/index.php?rest_route=\/wp\/v2\/posts"}],"about":[{"href":"https:\/\/podernacional.com\/index.php?rest_route=\/wp\/v2\/types\/post"}],"author":[{"embeddable":true,"href":"https:\/\/podernacional.com\/index.php?rest_route=\/wp\/v2\/users\/1"}],"replies":[{"embeddable":true,"href":"https:\/\/podernacional.com\/index.php?rest_route=%2Fwp%2Fv2%2Fcomments&post=6593"}],"version-history":[{"count":0,"href":"https:\/\/podernacional.com\/index.php?rest_route=\/wp\/v2\/posts\/6593\/revisions"}],"wp:featuredmedia":[{"embeddable":true,"href":"https:\/\/podernacional.com\/index.php?rest_route=\/wp\/v2\/media\/6594"}],"wp:attachment":[{"href":"https:\/\/podernacional.com\/index.php?rest_route=%2Fwp%2Fv2%2Fmedia&parent=6593"}],"wp:term":[{"taxonomy":"category","embeddable":true,"href":"https:\/\/podernacional.com\/index.php?rest_route=%2Fwp%2Fv2%2Fcategories&post=6593"},{"taxonomy":"post_tag","embeddable":true,"href":"https:\/\/podernacional.com\/index.php?rest_route=%2Fwp%2Fv2%2Ftags&post=6593"}],"curies":[{"name":"wp","href":"https:\/\/api.w.org\/{rel}","templated":true}]}}