{"id":6596,"date":"2022-06-14T01:13:22","date_gmt":"2022-06-14T01:13:22","guid":{"rendered":"https:\/\/whatsappmexico.com\/?p=6596"},"modified":"2022-06-14T01:13:22","modified_gmt":"2022-06-14T01:13:22","slug":"mara-lezama-recibe-constancia-de-mayoria-como-gobernadora-electa-de-quintana-roo","status":"publish","type":"post","link":"https:\/\/podernacional.com\/?p=6596","title":{"rendered":"Mara Lezama recibe constancia de mayor\u00eda como gobernadora electa de Quintana Roo"},"content":{"rendered":"<h4 style=\"text-align: center;\">Mara\u00a0expres\u00f3 que la gente quiere un gobierno que \u201ccamine a ras de piso\u201d, que resarza \u201cel profundo da\u00f1o\u201d ocasionado por las brechas de desigualdad.<\/h4>\n<p><a href=\"https:\/\/twitter.com\/MaraLezama\">\u00a0Mara Lezama<\/a> recibi\u00f3 esta tarde su constancia como gobernadora electa por la coalici\u00f3n \u201cJuntos Hacemos Historia por Quintana Roo\u201d.<\/p>\n<p>Esto causar\u00eda que <a href=\"https:\/\/twitter.com\/MaraLezama\">Mara Lezama<\/a> se convierta en la primer mujer en ostentar ese cargo, desde que la entidad se constituy\u00f3 como tal en 1974.<\/p>\n<p>La alcaldesa con licencia viaj\u00f3 a Chetumal, capital del estado, para recibir su constancia de mayor\u00eda.<\/p>\n<p>Luego de participar en el Encuentro de Unidad del Movimiento de Regeneraci\u00f3n Nacional (Morena) realizado esta ma\u00f1ana en Toluca, Estado de M\u00e9xico.<\/p>\n<p>En la sede del Instituto Electoral de Quintana Roo la esperaba una multitud de simpatizantes.<\/p>\n<p>Quienes la escucharon garantizar que \u201cse escribir\u00e1n las p\u00e1ginas m\u00e1s bellas en la historia del estado, de la mano de una mujer de izquierda\u201d.<\/p>\n<p>\u201cPor primera vez en Quintana Roo rompemos paradigmas, gana una mujer de ustedes\u201d.<\/p>\n<p>\u201cUna mujer sin apellido de cacicazgos, una periodista, una luchadora social\u201d, afirm\u00f3.<\/p>\n<p>Plet\u00f3rica, afirm\u00f3 ante la gente que acudi\u00f3 a respaldarla que no solo se gan\u00f3 la gubernatura.<\/p>\n<p>Ademas de\u00a0que \u201carrasamos en las elecciones\u201d, afirm\u00f3.<\/p>\n<p>\u201cNos llevamos el \u2018carro completo\u2019 en las diputaciones\u201d, se\u00f1al\u00f3.<\/p>\n<p>Mencionan que ella qued\u00f3 con 41 puntos arriba de su m\u00e1s cercana competidora, Laura Fern\u00e1ndez, de la coalici\u00f3n \u201cVa por Quintana Roo<\/p>\n<p>Al asumirse lista para gobernar, expres\u00f3 que la gente quiere un gobierno que resarza \u201cel profundo da\u00f1o\u201d ocasionado por las brechas de desigualdad.<\/p>\n<p>Adelant\u00f3 que mantendr\u00e1n el respaldo a la actividad tur\u00edstica, pero tambi\u00e9n se diversificar\u00e1n las actividades productivas y econ\u00f3micas.<\/p>\n<p>Rigi\u00e9ndose bajo los principios de la Cuarta Transformaci\u00f3n; se configurar\u00e1 \u201cel mejor gabinete\u201d con las y los profesionales m\u00e1s capacitados.<\/p>\n<p>&nbsp;<\/p>\n<h4>La nueva configuraci\u00f3n del Congreso<\/h4>\n<p>Ademas se entregaron las constancias de mayor\u00eda a las y los 10 diputados plurinominales, luego de la realizaci\u00f3n de los c\u00f3mputos y c\u00e1lculos correspondientes.<\/p>\n<p>El PAN se qued\u00f3 con una sola diputaci\u00f3n, con Cinthya Yamil\u00e9 Mill\u00e1n Estrella al frente, lo mismo que el PRI, con Elda Candelaria Ayuso Achach.<\/p>\n<p>Para el PVEM tocaron tres, con Yohanet Teodula Torres Mu\u00f1oz, Mar\u00eda Jos\u00e9 Osorio Rosas y Guillermo Andr\u00e9s Brahms Gonz\u00e1lez.<\/p>\n<p>El MC\u00a0alcanz\u00f3 una diputaci\u00f3n, con Maritza Deyanira Basurto Barusto; y el Movimiento Aut\u00e9ntico Social (MAS), otra, con Diana Laura Nava Verdejo.<\/p>\n<p>Por Morena quedaron la senadora con licencia, Freyda Marybel Villegas Navarro; el dirigente estatal de dicho partido, Humberto Aldana y Ricardo Velazco Rodr\u00edguez.<\/p>\n<p>La configuraci\u00f3n de lo que ser\u00e1 la XVII Legislatura suma tambi\u00e9n a los 15 diputados de mayor\u00eda relativa.<\/p>\n<p>&nbsp;<\/p>\n<p>Por el Distrito 01, Juli\u00e1n Ricalde Maga\u00f1a.<\/p>\n<p>Por el 02, Susana Hurtado Vallejo<\/p>\n<p>Por el 03, Hugo Alday Nieto<\/p>\n<p>Por el 04, Cristina del Carmen Alc\u00e9rreca Manzanero<\/p>\n<p>Por el 05, Mildred Concepci\u00f3n \u00c1vila Vera,<\/p>\n<p>Por el 06, Andrea del Rosario Gonz\u00e1lez Loria<\/p>\n<p>Por el 07, Mar\u00eda Fernanda Cruz S\u00e1nchez<\/p>\n<p>Por el 08, Issac Janix Alan\u00eds<\/p>\n<p>Por el 09, Silvia Dzul S\u00e1nchez<\/p>\n<p>Por el 10, Estefan\u00eda Mercado Asencio.<\/p>\n<p>Por el\u00a011 ser\u00e1 representado por Ren\u00e1n Eduardo S\u00e1nchez Tajonar<\/p>\n<p>Por\u00a0el 12, por Jos\u00e9 Mar\u00eda Chac\u00f3n Chabl\u00e9<\/p>\n<p>Por el 13, por Alicia Tapia Montejo<\/p>\n<p>Por el\u00a014,Elda Mar\u00eda Xix Euan,<\/p>\n<p>Por el 15, Omar Antonio Rodr\u00edguez Mart\u00ednez.<\/p>\n<p>&nbsp;<\/p>\n<p>De este modo el Congreso queda integrado por 16 diputadas y 9 diputados de las y los 25 que conformar\u00e1n la XVII Legislatura.<\/p>\n<p>Y <a href=\"https:\/\/twitter.com\/MaraLezama\">Mara Lezama<\/a> como futura gobernadora<\/p>\n","protected":false},"excerpt":{"rendered":"<p>Mara\u00a0expres\u00f3 que la gente quiere un gobierno que \u201ccamine a ras de piso\u201d, que resarza \u201cel profundo da\u00f1o\u201d ocasionado por las brechas de desigualdad. \u00a0Mara Lezama recibi\u00f3 esta tarde su constancia como gobernadora electa por la coalici\u00f3n \u201cJuntos Hacemos Historia por Quintana Roo\u201d. Esto causar\u00eda que Mara Lezama se convierta en la primer mujer en [&hellip;]<\/p>\n","protected":false},"author":1,"featured_media":6597,"comment_status":"open","ping_status":"open","sticky":false,"template":"","format":"standard","meta":{"footnotes":""},"categories":[6,9,10],"tags":[],"class_list":["post-6596","post","type-post","status-publish","format-standard","has-post-thumbnail","hentry","category-local","category-politica","category-quintana-roo"],"_links":{"self":[{"href":"https:\/\/podernacional.com\/index.php?rest_route=\/wp\/v2\/posts\/6596","targetHints":{"allow":["GET"]}}],"collection":[{"href":"https:\/\/podernacional.com\/index.php?rest_route=\/wp\/v2\/posts"}],"about":[{"href":"https:\/\/podernacional.com\/index.php?rest_route=\/wp\/v2\/types\/post"}],"author":[{"embeddable":true,"href":"https:\/\/podernacional.com\/index.php?rest_route=\/wp\/v2\/users\/1"}],"replies":[{"embeddable":true,"href":"https:\/\/podernacional.com\/index.php?rest_route=%2Fwp%2Fv2%2Fcomments&post=6596"}],"version-history":[{"count":0,"href":"https:\/\/podernacional.com\/index.php?rest_route=\/wp\/v2\/posts\/6596\/revisions"}],"wp:featuredmedia":[{"embeddable":true,"href":"https:\/\/podernacional.com\/index.php?rest_route=\/wp\/v2\/media\/6597"}],"wp:attachment":[{"href":"https:\/\/podernacional.com\/index.php?rest_route=%2Fwp%2Fv2%2Fmedia&parent=6596"}],"wp:term":[{"taxonomy":"category","embeddable":true,"href":"https:\/\/podernacional.com\/index.php?rest_route=%2Fwp%2Fv2%2Fcategories&post=6596"},{"taxonomy":"post_tag","embeddable":true,"href":"https:\/\/podernacional.com\/index.php?rest_route=%2Fwp%2Fv2%2Ftags&post=6596"}],"curies":[{"name":"wp","href":"https:\/\/api.w.org\/{rel}","templated":true}]}}